{"id":902,"date":"2022-02-11T14:18:04","date_gmt":"2022-02-11T13:18:04","guid":{"rendered":"https:\/\/www.gruene-mkk.de\/?p=902"},"modified":"2022-02-11T14:18:04","modified_gmt":"2022-02-11T13:18:04","slug":"holger-fischer-als-rechtlicher-betreuer-nicht-mehr-tragbar","status":"publish","type":"post","link":"https:\/\/www.gruene-mkk.de\/hr\/holger-fischer-als-rechtlicher-betreuer-nicht-mehr-tragbar\/","title":{"rendered":"Holger Fischer vi\u0161e nije prihvatljiv kao pravni savjetnik"},"content":{"rendered":"<p><strong>Predmeti skrbi moraju se povu\u0107i \/ radost zbog presude Vi\u0161eg regionalnog suda u Frankfurtu<\/strong><em> \u00a0<\/em><\/p>\n\n\n\n<!--more-->\n\n\n\n<p>\"Zadovoljni smo jasnom presudom Vi\u0161eg regionalnog suda u Frankfurtu protiv lokalnog bo\u010dnog mislioca Imkea Otta\", izjavio je parlamentarni odbor Greens Main-Kinziga, Reinera Bousonvillea, Viole Ha\u00dfdenteufel i Jakoba M\u00e4hlera. Visoki zemaljski sud pro\u0161le je srijede odbio privremene naloge za pokretanje postupka \u201eAllianz pro Grundgesetz\u201d zbog navodnih klevetni\u010dkih izjava protiv predsjednika udru\u017eenja \u201eHand aufs Herz\u201d, Julije Hott i Alexa Schopbacha: \u201eTo jasno pokazuje da nadle\u017enost stoji iza jasnih rije\u010di koje su potrebne u ovim vremenima.\u201d<\/p>\n\n\n\n<p>Naknadna izjava lateralne skupine mislilaca da ju je sud proglasio \u201ebez ptica\u201d bila je u\u017easna: \u201eTo jo\u0161 jednom pokazuje iskrivljavanje \u010dinjenica i uklju\u010divanje povijesti i simbolike, \u0161to je karakteristi\u010dno za lateralnu skupinu mislilaca \u201aAlliance pro Grundgesetz\u2019\u201d, izjavila je izvr\u0161na direktorica parlamentarne skupine.<\/p>\n\n\n\n<p>U redovitim prosvjedima protiv korona mjera, Hanau odvjetnik Holger Fischer tako\u0111er preuzima vodstvo. Okru\u017ena parlamentarna skupina sada s velikom zabrinuto\u0161\u0107u reagira na izvje\u0161\u0107e Hessenschaua, prema kojem je Fischer odbio potrebna cijepljenja protiv koronavirusa dvjema osobama koje su mu povjerene zbog pravne skrbi.<\/p>\n\n\n\n<p>Fischera ve\u0107 dugi niz godina naru\u010duju okru\u017eni sud u Hanauu i upravno tijelo okruga kao zakonskog skrbnika za odrasle osobe koje ne mogu ili vi\u0161e ne mogu samostalno i neovisno obavljati svoje osobne pravne poslove. Prema izvje\u0161\u0107u Hessenschaua, trenuta\u010dno je sam pravno odgovoran za 79 slu\u010dajeva skrbi, za koje snosi veliku odgovornost kao zakonski skrbnik i uvijek mora voditi ra\u010duna o dobrobiti svojih klijenata putem trajnog i redovitog kontakta.<\/p>\n\n\n\n<p>\"\u010cinjenica da je 79 ljudi u okrugu Main-Kinzig povjerilo odvjetniku iz Hanaua Holgeru Fischeru, koji je jedan od vode\u0107ih umova u lateralnom pokretu mislilaca na podru\u010dju Rajne-Majna i koji je primije\u0107en zbog slu\u010dajeva utjecaja cijepljenja, mora se temeljito ispitati\", rekli su Bousonville, Ha\u00dfdenteufel i M\u00e4hler.<\/p>\n\n\n\n<p>Prema izvje\u0161\u0107u Hessenschaua, Fischer ima oko 26 000 sljedbenika na Telegramu i govori o cijepljenju protiv \u201egenocida\u201d protiv koronavirusa te poziva dr\u017eavu da \u201elame\u201d. Odvjetnik je u Telegramu napisao o politi\u010darima: \u201eIli ste nas do tada ubili svojim postupcima i injekcijama ili ste sami postali njihova \u017ertva. Izravno ili neizravno.\u201d&nbsp;<\/p>\n\n\n\n<p>\"Ove izjave neprihvatljive su za odvjetnika koji brine o 79 osoba\", rekao je ured Kluba zastupnika. \u201eIako treba pozdraviti \u010dinjenicu da je okru\u017eni sud u Hanauu odlu\u010dio da Fischeru ne\u0107e dodijeliti nove mandate za pravnu potporu, nu\u017eno je da okru\u017eni i okru\u017eni sud osiguraju rje\u0161enje za jo\u0161 uvijek postoje\u0107e mandate za potporu i razrade postoje li i jesu li jo\u0161 uvijek drugi slu\u010dajevi kontrole cijepljenja. Izjava okruga da Fischer vi\u0161e ne bi trebao biti predlo\u017een kao profesionalni savjetnik ovdje nije dovoljna.\u201d Klub zastupnika Zelenih podupire izjavu gradona\u010delnika Hanaua Clausa Kaminskog da se predmet prijavi Odvjetni\u010dkoj komori i da se, prema potrebi, podnese pritu\u017eba protiv Fischera ako ona jo\u0161 nije podnesena: \u201eTo su jasne rije\u010di koje krug ovdje jo\u0161 jednom propu\u0161ta u odnosu na aktivnosti lateralnih mislilaca.\u201d&nbsp;&nbsp;<\/p>\n\n\n\n<p>Kad je rije\u010d o izvr\u0161noj vlasti skupine, \u010dini se da odgovorna zdravstvena za\u0161tita vi\u0161e ne postoji u predmetima o skrbi odvjetnika Fischera, koji se temelje na njegovoj osobi i obavljanju zada\u0107a koje su mu dodijeljene za sud za skrb: \u201eU ovom slu\u010daju postoji mogu\u0107nost tra\u017eenja nadzora. To ne bi trebale zahtijevati samo nadzirane osobe i njihova rodbina, ve\u0107 prije svega nadle\u017eni nadzorni sud u suradnji s nadzornim tijelom okruga. Moraju osigurati povla\u010denje predmeta skrbi koji su u tijeku kako bi ranjive i uzdr\u017eavane osobe uvijek bile dobro zbrinute i uklju\u010dene u odluku o cijepljenju, uzimaju\u0107i u obzir njihovu slobodnu volju. No, vjerojatno bi bilo najbolje prona\u0107i nove skrbnike za gotovo 80 ljudi \u0161to je prije mogu\u0107e\", zaklju\u010duje Bousonville, Ha\u00dfdenteufel i M\u00e4hler.<\/p>","protected":false},"excerpt":{"rendered":"<p>Predmeti skrbi moraju se povu\u0107i \/ radost zbog presude Vi\u0161eg regionalnog suda u Frankfurtu \u00a0<\/p>","protected":false},"author":-1,"featured_media":770,"comment_status":"open","ping_status":"open","sticky":false,"template":"","format":"standard","meta":{"footnotes":""},"categories":[2],"tags":[],"class_list":["post-902","post","type-post","status-publish","format-standard","has-post-thumbnail","hentry","category-newskreistagsfraktion"],"_links":{"self":[{"href":"https:\/\/www.gruene-mkk.de\/hr\/wp-json\/wp\/v2\/posts\/902","targetHints":{"allow":["GET"]}}],"collection":[{"href":"https:\/\/www.gruene-mkk.de\/hr\/wp-json\/wp\/v2\/posts"}],"about":[{"href":"https:\/\/www.gruene-mkk.de\/hr\/wp-json\/wp\/v2\/types\/post"}],"author":[{"embeddable":true,"href":"https:\/\/www.gruene-mkk.de\/hr\/wp-json\/wp\/v2\/users\/5"}],"replies":[{"embeddable":true,"href":"https:\/\/www.gruene-mkk.de\/hr\/wp-json\/wp\/v2\/comments?post=902"}],"version-history":[{"count":1,"href":"https:\/\/www.gruene-mkk.de\/hr\/wp-json\/wp\/v2\/posts\/902\/revisions"}],"predecessor-version":[{"id":903,"href":"https:\/\/www.gruene-mkk.de\/hr\/wp-json\/wp\/v2\/posts\/902\/revisions\/903"}],"wp:featuredmedia":[{"embeddable":true,"href":"https:\/\/www.gruene-mkk.de\/hr\/wp-json\/wp\/v2\/media\/770"}],"wp:attachment":[{"href":"https:\/\/www.gruene-mkk.de\/hr\/wp-json\/wp\/v2\/media?parent=902"}],"wp:term":[{"taxonomy":"category","embeddable":true,"href":"https:\/\/www.gruene-mkk.de\/hr\/wp-json\/wp\/v2\/categories?post=902"},{"taxonomy":"post_tag","embeddable":true,"href":"https:\/\/www.gruene-mkk.de\/hr\/wp-json\/wp\/v2\/tags?post=902"}],"curies":[{"name":"wp","href":"https:\/\/api.w.org\/{rel}","templated":true}]}}