{"id":900,"date":"2022-02-11T10:41:04","date_gmt":"2022-02-11T09:41:04","guid":{"rendered":"https:\/\/www.gruene-mkk.de\/?p=900"},"modified":"2024-09-05T14:45:15","modified_gmt":"2024-09-05T12:45:15","slug":"schnellstmoeglich-umfassende-digitale-loesung-schaffen","status":"publish","type":"post","link":"https:\/\/www.gruene-mkk.de\/hr\/schnellstmoeglich-umfassende-digitale-loesung-schaffen\/","title":{"rendered":"Stvaranje sveobuhvatnog digitalnog rje\u0161enja \u0161to je prije mogu\u0107e"},"content":{"rendered":"<p><strong>Pra\u0107enje kontakata i izvje\u0161\u0107ivanje o slu\u010dajevima korone u \u0161kolama i dalje funkcionira na sli\u010dan na\u010din na mnogim mjestima<\/strong><\/p>\n\n\n\n<!--more-->\n\n\n\n<p>\"\u0160kole u okrugu Main-Kinzig potrebno je br\u017ee digitalizirati kako bi se bolje odgovorilo na izazove pandemije koronavirusa sa svim njezinim varijantama i njihovim nuspojavama\", ka\u017ee Matthias Zach, glasnogovornik za obrazovnu politiku Kluba zastupnika Zelenih u okrugu Main-Kinzig. Pozadina zahtjeva Zelenih su obrasci koje jo\u0161 treba ru\u010dno ispuniti za pra\u0107enje kontakata i izvje\u0161\u0107ivanje o slu\u010dajevima koronavirusa.<\/p>\n\n\n\n<p>\u201eSveobuhvatno pra\u0107enje i sustav izvje\u0161\u0107ivanja jesu i ostat \u0107e va\u017eni\u201d, poja\u0161njava Zach. Vi\u0161e nije a\u017euriran ako se takva izvje\u0161\u0107a ne mogu digitalno staviti na raspolaganje zdravstvenom tijelu u okrugu Main-Kinzig: \"U trenutnoj situaciji zaraze, takve prepreke moraju biti uklonjene \u0161to je br\u017ee mogu\u0107e, tako\u0111er kako bi se moglo odr\u017eati rad okru\u017ene uprave u drugim podru\u010djima.\" To je tako\u0111er klju\u010dno za budu\u0107e zadatke.<\/p>\n\n\n\n<p>Ovdje Zach ne vidi \u0161kole, ali vlasnik \u0161kole u odgovornosti: \u201eNa\u017ealost, pokrenuta ofenziva digitalizacije jo\u0161 nije dosegla sveobuhvatnu razinu u mnogim razredima u krugu. Uz zaslonske plo\u010de i razrede iPada, to uklju\u010duje i digitalizaciju pra\u0107enja i izvje\u0161\u0107ivanja o slu\u010dajevima koronavirusa u mre\u017ei razreda.\u201d To ve\u0107 ne uspijeva u zdravstvenom uredu, koji ne mo\u017ee obra\u0111ivati takve digitalne informacije: \u201eZdravstvenom tijelu i \u0161kolama, posebno \u0161kolskim tajni\u0161tvima, moraju se osigurati uvjeti za digitalno bilje\u017eenje i upotrebu izvje\u0161\u0107a koja se primaju svaki dan.\u201d<\/p>\n\n\n\n<p>To bi tako\u0111er olak\u0161alo ravnatelje \u0161kola i u\u010ditelje koji imaju velike napore s jo\u0161 uvijek analognim pra\u0107enjem kontakata. Zach stoga poziva krug da \"stvori ovo daljnje digitalno rje\u0161enje \u0161to je prije mogu\u0107e\". Ono \u0161to je digitalno mogu\u0107e u podru\u010dju probira dje\u010djih zuba u \u0161kolama i vrti\u0107ima, hitno treba pro\u0161iriti na prijave osoba zara\u017eenih koronavirusom. Pandemija je jasno pokazala materijalne i kvalitativne nedostatke digitalne infrastrukture u okrugu Main-Kinzig. To uklju\u010duje rad u zdravstvenim tijelima, mogu\u0107nosti rada od ku\u0107e i podu\u010davanja kod ku\u0107e\", rekao je glasnogovornik obrazovne politike.<\/p>\n\n\n\n<p>\u201eNapori da se okrug Main-Kinzig u\u010dini sveobuhvatno digitaliziranim u svim podru\u010djima, a ne samo da se omogu\u0107i brz internet za sve, ve\u0107 i da se njime razborito i radno \u0161tedi, moraju o\u010duvati nagon koji su imali u vrijeme koalicije Zelenih zajedno sa SPD-om i slobodnim glasa\u010dima i pod Landratom Erichom Pipom. Na\u017ealost, sada\u0161nji donositelji odluka presporo pristupaju punom potencijalu i stoga ga ne iskori\u0161tavaju u potpunosti\", zaklju\u010duje Zach.<\/p>\n\n\n\n<hr class=\"wp-block-separator\"\/>\n\n\n\n<p>Upiti za:<\/p>\n\n\n\n<p>Jakob M\u00e4hler<br>Ravnatelj\/direktorica skupine<br>Savez 90 \/ Zeleni Main-Kinzig<\/p>\n\n\n\n<p>06181\/61596<br>0176\/46763336<\/p>\n\n\n\n<p>fraktion@gruene-mkk.de<\/p>","protected":false},"excerpt":{"rendered":"<p>Pra\u0107enje kontakata i izvje\u0161\u0107ivanje o slu\u010dajevima korone u \u0161kolama i dalje funkcionira na sli\u010dan na\u010din na mnogim mjestima<\/p>","protected":false},"author":-1,"featured_media":0,"comment_status":"open","ping_status":"open","sticky":false,"template":"","format":"standard","meta":{"footnotes":""},"categories":[2],"tags":[],"class_list":["post-900","post","type-post","status-publish","format-standard","hentry","category-newskreistagsfraktion"],"_links":{"self":[{"href":"https:\/\/www.gruene-mkk.de\/hr\/wp-json\/wp\/v2\/posts\/900","targetHints":{"allow":["GET"]}}],"collection":[{"href":"https:\/\/www.gruene-mkk.de\/hr\/wp-json\/wp\/v2\/posts"}],"about":[{"href":"https:\/\/www.gruene-mkk.de\/hr\/wp-json\/wp\/v2\/types\/post"}],"author":[{"embeddable":true,"href":"https:\/\/www.gruene-mkk.de\/hr\/wp-json\/wp\/v2\/users\/5"}],"replies":[{"embeddable":true,"href":"https:\/\/www.gruene-mkk.de\/hr\/wp-json\/wp\/v2\/comments?post=900"}],"version-history":[{"count":1,"href":"https:\/\/www.gruene-mkk.de\/hr\/wp-json\/wp\/v2\/posts\/900\/revisions"}],"predecessor-version":[{"id":901,"href":"https:\/\/www.gruene-mkk.de\/hr\/wp-json\/wp\/v2\/posts\/900\/revisions\/901"}],"wp:attachment":[{"href":"https:\/\/www.gruene-mkk.de\/hr\/wp-json\/wp\/v2\/media?parent=900"}],"wp:term":[{"taxonomy":"category","embeddable":true,"href":"https:\/\/www.gruene-mkk.de\/hr\/wp-json\/wp\/v2\/categories?post=900"},{"taxonomy":"post_tag","embeddable":true,"href":"https:\/\/www.gruene-mkk.de\/hr\/wp-json\/wp\/v2\/tags?post=900"}],"curies":[{"name":"wp","href":"https:\/\/api.w.org\/{rel}","templated":true}]}}