{"id":886,"date":"2022-02-01T16:22:33","date_gmt":"2022-02-01T15:22:33","guid":{"rendered":"https:\/\/www.gruene-mkk.de\/?p=886"},"modified":"2022-02-01T16:22:33","modified_gmt":"2022-02-01T15:22:33","slug":"situation-unnoetig-verschaerft","status":"publish","type":"post","link":"https:\/\/www.gruene-mkk.de\/hr\/situation-unnoetig-verschaerft\/","title":{"rendered":"Nepotrebno pogor\u0161ana situacija"},"content":{"rendered":"<p><strong>Klub zastupnika Zelenog parlamenta: Erlensee hitno treba ozbiljno shvatiti novu osnovnu \u0161kolu \/ brige u Gro\u00dfkrotzenburgu<\/strong><\/p>\n\n\n\n<!--more-->\n\n\n\n<p>\"Rasprava o razvoju \u0161kola u okrugu Main-Kinzig koja je prevladavala mjesecima i izostanak odgovora Velike koalicije u obliku usvojenog plana razvoja \u0161kola nepotrebno su pogor\u0161ali situaciju u Erlenseeju i Gro\u00dfkrotzenburgu\", ka\u017ee Matthias Zach, glasnogovornik za obrazovnu politiku Kluba zastupnika Zelenih u okrugu Main-Kinzig. Trenuta\u010dno u Erlenseeju i Gro\u00dfkrotzenburgu nedostaju kapaciteti u osnovno\u0161kolskom sektoru. \u201eStanje \u0107e se pogor\u0161ati u nadolaze\u0107im godinama.\u201d<\/p>\n\n\n\n<p>Rje\u0161enje Main-Kinzig-Kreisa \u201enije napredovalo u skladu s na\u0161im trenuta\u010dnim stanjem znanja. Umjesto da javno iznese konkretne prijedloge rje\u0161enja i \u0161to br\u017ee donese odluke, krug se, kako sam pi\u0161e, bavi samo \u201eintenzivnim raspravama\u201d, ka\u017ee Zach. \u201eMe\u0111utim, izgradnja nove osnovne \u0161kole nije dovr\u0161ena za nekoliko tjedana, a pro\u0161irenje \u0161kole Erlense u Eulenhofu, o kojem se raspravljalo, ne ide od jednog dana do drugog.\u201d Sada se mo\u017ee predvidjeti kada \u0107e i koliko velika potra\u017enja biti u nadolaze\u0107im godinama.<\/p>\n\n\n\n<p>\"Obi\u010dno, plan razvoja \u0161kola pru\u017ea ove odgovore i pokazuje okru\u017enom vije\u0107u konkretne mjere za nadolaze\u0107e godine\", ka\u017ee Renate Tonecker-B\u00f6s, \u010dlanica okru\u017enog vije\u0107a u Erlenseu. Plan razvoja \u0161kola koji \u0107e se donijeti za godine od 2021. dug je ve\u0107 vi\u0161e od godinu dana, Winfried Ottmann, nakon \u0161to je prva verzija odbijena zbog pogre\u0161aka u sadr\u017eaju \u0161kolske politike, pogre\u0161nih brojeva i propusta, kao i pogre\u0161aka u pravopisu i formatiranju u okru\u017enom vije\u0107u. \u201eTaj nedostatak izgleda i posljedi\u010dno nedjelovanje u kontekstu razvoja \u0161kole sada moraju okupati u\u010denike, a posebno roditelje u Erlenseeju, ako vi\u0161e nema dovoljno mjesta u osnovnoj \u0161koli. Budu\u0107i da \u0107e u sljede\u0107e dvije do tri godine biti potrebna do tri nova vlaka u klasi.\u201d Dok ne do\u0111e do uskog grla, samo je pitanje vremena, ka\u017ee Tonecker-B\u00f6s.<\/p>\n\n\n\n<p>Isti problem sada se mo\u017ee vidjeti i drugdje. \u201eNe samo u Erlenseeju, ve\u0107 i u osnovnoj \u0161koli u Gro\u00dfkrotzenburgu, mjesta polako postaju oskudna\u201d, ka\u017ee Lucas B\u00e4uml, kandidat za Zelenog gradona\u010delnika Gro\u00dfkrotzenburga. Tamo \u0107e broj obitelji koje ostvaruju svoje zakonsko pravo na skrb u punom radnom vremenu porasti s trenuta\u010dnih 30 na oko 150 u 2029.: \u201eTo zna\u010di da je potrebno oja\u010dati i postoje\u0107e kapacitete. O\u010dito mi nedostaje potpora op\u0107ine usmjerena na rje\u0161enje koju pru\u017ea Main-Kinzig-Kreis kao promicatelj \u0161kole\", B\u00e4uml sa zabrinuto\u0161\u0107u gleda na prethodni stav okruga da bi postoje\u0107e u\u010dionice bile dovoljne za provedbu \u0161kolske skrbi.<\/p>\n\n\n\n<p>Klub zastupnika okruga stoga je glavnom odboru Kinzig-Kreisa postavio katalog pitanja. \"\u017deljeli bismo znati, izme\u0111u ostalog, koliko dugo je du\u017enik svjestan nedostatka potra\u017enje u Erlenseeju i Gro\u00dfkrotzenburgu i koji su konkretni koraci poduzeti od tada\", rekao je Zach. \u201eOsim toga, \u017eeljeli bismo konkretnu izjavu uprave o tome kada bi se nove osnovne \u0161kole mogle dovr\u0161iti i koje rje\u0161enje postoji u slu\u010daju da se nova zgrada ne realizira na vrijeme.\u201d<\/p>\n\n\n\n<p>Okru\u017ena parlamentarna skupina tako\u0111er postavlja pitanje plana razvoja \u0161kola: \u201e\u017deljeli bismo znati kada \u0107e to kona\u010dno biti podneseno nadle\u017enim tijelima na savjetovanje i ho\u0107e li se u njemu promicati nove zgrade uz osnovnu \u0161kolu u Erlenseeu.\u201d<\/p>\n\n\n\n<p>To nisu jedine teme o kojima krug trenutno ne daje izjave. \u201eStoga je oprema za cjelodnevne \u0161kole o kojoj odlu\u010duje okru\u017eno vije\u0107e tako\u0111er<\/p>\n\n\n\n<p>s kafeterijom i pro\u0161irenjem gimnasti\u010dke ponude u Westkreisu dio je na\u0161eg opse\u017enog kataloga pitanja. Nadamo se da \u0107e to pru\u017eiti prijeko potrebne odgovore na aktualna pitanja u planiranju razvoja \u0161kola u okrugu\", zaklju\u010duje Zach.<\/p>\n\n\n\n<hr class=\"wp-block-separator\"\/>\n\n\n\n<p>Upiti za:<\/p>\n\n\n\n<p>Jakob M\u00e4hler<br>Ravnatelj\/direktorica skupine<br>Savez 90 \/ Zeleni Main-Kinzig<\/p>\n\n\n\n<p>06181\/61596<br>0176\/46763336<\/p>\n\n\n\n<p>fraktion@gruene-mkk.de<\/p>","protected":false},"excerpt":{"rendered":"<p>Klub zastupnika Zelenog parlamenta: Erlensee hitno treba ozbiljno shvatiti novu osnovnu \u0161kolu \/ brige u Gro\u00dfkrotzenburgu<\/p>","protected":false},"author":-1,"featured_media":0,"comment_status":"open","ping_status":"open","sticky":false,"template":"","format":"standard","meta":{"footnotes":""},"categories":[2],"tags":[],"class_list":["post-886","post","type-post","status-publish","format-standard","hentry","category-newskreistagsfraktion"],"_links":{"self":[{"href":"https:\/\/www.gruene-mkk.de\/hr\/wp-json\/wp\/v2\/posts\/886","targetHints":{"allow":["GET"]}}],"collection":[{"href":"https:\/\/www.gruene-mkk.de\/hr\/wp-json\/wp\/v2\/posts"}],"about":[{"href":"https:\/\/www.gruene-mkk.de\/hr\/wp-json\/wp\/v2\/types\/post"}],"author":[{"embeddable":true,"href":"https:\/\/www.gruene-mkk.de\/hr\/wp-json\/wp\/v2\/users\/5"}],"replies":[{"embeddable":true,"href":"https:\/\/www.gruene-mkk.de\/hr\/wp-json\/wp\/v2\/comments?post=886"}],"version-history":[{"count":1,"href":"https:\/\/www.gruene-mkk.de\/hr\/wp-json\/wp\/v2\/posts\/886\/revisions"}],"predecessor-version":[{"id":888,"href":"https:\/\/www.gruene-mkk.de\/hr\/wp-json\/wp\/v2\/posts\/886\/revisions\/888"}],"wp:attachment":[{"href":"https:\/\/www.gruene-mkk.de\/hr\/wp-json\/wp\/v2\/media?parent=886"}],"wp:term":[{"taxonomy":"category","embeddable":true,"href":"https:\/\/www.gruene-mkk.de\/hr\/wp-json\/wp\/v2\/categories?post=886"},{"taxonomy":"post_tag","embeddable":true,"href":"https:\/\/www.gruene-mkk.de\/hr\/wp-json\/wp\/v2\/tags?post=886"}],"curies":[{"name":"wp","href":"https:\/\/api.w.org\/{rel}","templated":true}]}}