{"id":875,"date":"2022-01-28T15:36:02","date_gmt":"2022-01-28T14:36:02","guid":{"rendered":"https:\/\/www.gruene-mkk.de\/?p=875"},"modified":"2022-01-28T15:36:02","modified_gmt":"2022-01-28T14:36:02","slug":"gruene-freuen-sich-ueber-verbot-von-atommuelllagerung-in-hanau","status":"publish","type":"post","link":"https:\/\/www.gruene-mkk.de\/hr\/gruene-freuen-sich-ueber-verbot-von-atommuelllagerung-in-hanau\/","title":{"rendered":"Zeleni pozdravljaju zabranu skladi\u0161tenja nuklearnog otpada u Hanauu"},"content":{"rendered":"<p><strong>povijesna presuda\/nuklearna energija neodr\u017eiva<\/strong><\/p>\n\n\n\n<!--more-->\n\n\n\n<p>\"Zadovoljni smo presudom Saveznog upravnog suda u Leipzigu\", ka\u017ee Viola Ha\u00dfdenteufel, glasnogovornica izvr\u0161ne vlasti okruga Greens Main-Kinzig i zamjenica predsjednice parlamentarne skupine okru\u017enog parlamentarnog kluba. \u201ePro\u0161li utorak odlu\u010deno je da se radioaktivni otpad ne smije skladi\u0161titi u komercijalnim podru\u010djima.\u201d<\/p>\n\n\n\n<p>Temelj te presude bilo je planirano pro\u0161irenje privremenog skladi\u0161ta u industrijskom parku Hanau: \u201eBundesverwaltungsgericht (Savezni upravni sud) pojasnio je da radioaktivni otpad nije dopu\u0161ten u komercijalnom podru\u010dju. Ta je presuda od iznimne va\u017enosti daleko izvan grada Hanaua.\u201d<\/p>\n\n\n\n<p>Ha\u00dfdenteufel nagla\u0161ava da je produljenje privremenog logora od strane Kreisverbanda i frakcije Kreistag uvijek bilo odbijeno: \u201eUpravni sud donio je 2018. odluku u korist dru\u0161tva \u201eDaher\u201d i smatrao da je produljenje dopu\u0161teno. Hitnim prijedlogom u okru\u017enom vije\u0107u skrenuli smo pozornost na tu presudu i zatra\u017eili da okrug podr\u017ei grad Hanau u podno\u0161enju \u017ealbe i daljnjem odbijanju.\u201d<\/p>\n\n\n\n<p>Sada\u0161njom odlukom kona\u010dno je poja\u0161njeno \u201eda se svako planiranje postrojenja za privremeno skladi\u0161tenje nuklearnog otpada u industrijskim podru\u010djima mo\u017ee odbiti. Upravo u pogledu daljnjeg nerije\u0161enog pitanja kona\u010dnog odlaganja nuklearnog otpada i potrage za daljnjim privremenim skladi\u0161nim objektima ovdje je stvorena jasno\u0107a\", ka\u017ee Ha\u00dfdenteufel.<\/p>\n\n\n\n<p>\u201eOd svojeg osnutka u okrugu Main-Kinzig Zeleni su se zalagali za odr\u017eivu opskrbu energijom i protiv upotrebe nuklearne energije te su podupirali protunuklearni pokret.\u201d Najkasnije od neprimjerenog postupanja poduze\u0107a u biv\u0161em okrugu \u201eAtomdorf\u201d i \u201eSuper-Gau\u201d u \u010cernobilu jasno je da nuklearne elektrane predstavljaju rizik i da ni u kojem slu\u010daju nisu odr\u017eive. \u201eU tom kontekstu sna\u017eno odbacujemo ideju da bi nuklearnu energiju trebalo klasificirati kao odr\u017eivu u Europskoj uniji.\u201d<\/p>\n\n\n\n<p>Udru\u017eenje okruga i parlamentarna skupina Zelenih Main-Kinzig sada se nadaju da \u0107e se \u0161irenje postrojenja koja proizvode obnovljivu energiju ponovno ubrzati: \"To \u0107e nam omogu\u0107iti da osiguramo istinski odr\u017eivu opskrbu energijom\", zaklju\u010duje Ha\u00dfdenteufel.<\/p>\n\n\n\n<p><\/p>\n\n\n\n<hr class=\"wp-block-separator\"\/>\n\n\n\n<p>Upiti za:<\/p>\n\n\n\n<p>Jakob M\u00e4hler<br>Ravnatelj\/direktorica skupine<br>Savez 90 \/ Zeleni Main-Kinzig<\/p>\n\n\n\n<p>06181\/61596<br>0176\/46763336<\/p>\n\n\n\n<p>fraktion@gruene-mkk.de<\/p>","protected":false},"excerpt":{"rendered":"<p>povijesna presuda\/nuklearna energija neodr\u017eiva<\/p>","protected":false},"author":-1,"featured_media":0,"comment_status":"open","ping_status":"open","sticky":false,"template":"","format":"standard","meta":{"footnotes":""},"categories":[1,2],"tags":[],"class_list":["post-875","post","type-post","status-publish","format-standard","hentry","category-allgemein","category-newskreistagsfraktion"],"_links":{"self":[{"href":"https:\/\/www.gruene-mkk.de\/hr\/wp-json\/wp\/v2\/posts\/875","targetHints":{"allow":["GET"]}}],"collection":[{"href":"https:\/\/www.gruene-mkk.de\/hr\/wp-json\/wp\/v2\/posts"}],"about":[{"href":"https:\/\/www.gruene-mkk.de\/hr\/wp-json\/wp\/v2\/types\/post"}],"author":[{"embeddable":true,"href":"https:\/\/www.gruene-mkk.de\/hr\/wp-json\/wp\/v2\/users\/5"}],"replies":[{"embeddable":true,"href":"https:\/\/www.gruene-mkk.de\/hr\/wp-json\/wp\/v2\/comments?post=875"}],"version-history":[{"count":3,"href":"https:\/\/www.gruene-mkk.de\/hr\/wp-json\/wp\/v2\/posts\/875\/revisions"}],"predecessor-version":[{"id":879,"href":"https:\/\/www.gruene-mkk.de\/hr\/wp-json\/wp\/v2\/posts\/875\/revisions\/879"}],"wp:attachment":[{"href":"https:\/\/www.gruene-mkk.de\/hr\/wp-json\/wp\/v2\/media?parent=875"}],"wp:term":[{"taxonomy":"category","embeddable":true,"href":"https:\/\/www.gruene-mkk.de\/hr\/wp-json\/wp\/v2\/categories?post=875"},{"taxonomy":"post_tag","embeddable":true,"href":"https:\/\/www.gruene-mkk.de\/hr\/wp-json\/wp\/v2\/tags?post=875"}],"curies":[{"name":"wp","href":"https:\/\/api.w.org\/{rel}","templated":true}]}}