{"id":806,"date":"2021-12-16T16:29:05","date_gmt":"2021-12-16T15:29:05","guid":{"rendered":"https:\/\/www.alles-bleibt-anders.org\/?p=806"},"modified":"2021-12-16T16:33:06","modified_gmt":"2021-12-16T15:33:06","slug":"buergermeisterkandidat-fuer-grosskrotzenburg","status":"publish","type":"post","link":"https:\/\/www.gruene-mkk.de\/hr\/buergermeisterkandidat-fuer-grosskrotzenburg\/","title":{"rendered":"Kandidat za gradona\u010delnika Gro\u00dfkrotzenburga"},"content":{"rendered":"<p>Lucas B\u00e4uml<\/p>\n\n\n\n<!--more-->\n\n\n\n<p>Lucas B\u00e4uml je slu\u017eio kao glasnogovornik Krotzeboj Greens i kao \u010dlan<br>Predstavni\u0161tvo ve\u0107 mo\u017ee ste\u0107i nekoliko godina intenzivnog iskustva u lokalnoj politici. Zbog svoje otvorene prirode, pouzdanosti i sposobnosti okupljanja razli\u010ditih pozicija u\u017eiva po\u0161tovanje i po\u0161tovanje u politi\u010dkim tijelima. Ipak, ne boji se izraziti svoje stajali\u0161te ili navesti postoje\u0107e probleme, ali uvijek u vezi s konstruktivnim prijedlozima za rje\u0161enja. Tijekom svoje politi\u010dke aktivnosti ima vlastitu viziju budu\u0107nosti Gro\u00dfkrotzenburga.<br>koje \u0107e biti detaljnije predstavljene u narednim tjednima i me\u0111u tim trima<br>Teme<\/p>\n\n\n\n<p><br>Gro\u00dfkrotzenburg \u2013 pogodan za \u017eivot mladih i starih<br>Gro\u00dfkrotzenburg \u2013 Mjere protiv klimatskih promjena<br>Gro\u00dfkrotzenburg \u2013 blizina gra\u0111anima i u\u010dinkovita<br><\/p>\n\n\n\n<p>Mo\u017ee se sa\u017eeti.<br><\/p>\n\n\n\n<p>\u201e\u017delim vratiti pokret u na\u0161u zajednicu i okon\u010dati budu\u0107u kulturu\u201d, obja\u0161njava Lucas B\u00e4uml. \u201eKao gradona\u010delnik vidim svoju ulogu skrbnika, traga\u010da i posrednika. Kao netko tko omogu\u0107uje stvari.\u201d<\/p>\n\n\n\n<p><br>Prevladavanje stagnacije u na\u0161oj zajednici i ponovno stvaranje perspektiva je \u010din snage koji \u017eeli zaustaviti. Da bi se postigao taj cilj, za njega su klju\u010dne dvije stvari. S jedne strane, organizacija zadataka, struktura osoblja i metode rada op\u0107inske uprave moraju se temeljito revidirati, ovdje su zaposlenici<em>Uzmi ga unutra. Lucas B\u00e4uml ima koristi od stru\u010dnosti i vje\u0161tina ste\u010denih na vi\u0161e od 10 godina profesionalnog iskustva u poslovanju. S druge strane, on \u017eeli ponovno stvoriti kolegijalni su\u017eivot, ne samo izme\u0111u gradona\u010delnika i op\u0107inskog predstavnika, kao i op\u0107inskog odbora, ve\u0107 i s gra\u0111anima. \u201ePonovno otkrivanje te zajedni\u010dke zna\u010dajke moj je navedeni cilj. \u017delio bih znati \u0161to lokalni ljudi rade i \u017eelio bih razgovarati s njima o tome\", obja\u0161njava Lucas B\u00e4uml. Lucas B\u00e4uml ve\u0107 ima \u017eivu razmjenu s gra\u0111anima<\/em>unutarnjih poslova, obrtnika i udruga te se raduje brojnim poticajima i prijedlozima, kao i daljnjem intenziviranju dijaloga s gra\u0111anima u budu\u0107nosti.<br><\/p>\n\n\n\n<p>Lucas B\u00e4uml ponavlja da se \u201eGro\u00dfkrotzenburg mijenja u mnogim podru\u010djima, \u0161to predstavlja priliku za pozitivne promjene. Ali potrebno je hrabrosti da se razbije novo tlo. Definitivno sam spreman za to.\" Lucas B\u00e4uml mo\u017ee se dobiti na Facebooku i Instagramu ili putem e-po\u0161te na buergermeister@lucas2022.de<\/p>\n\n\n\n<p><\/p>","protected":false},"excerpt":{"rendered":"<p>Lucas B\u00e4uml<\/p>","protected":false},"author":-1,"featured_media":807,"comment_status":"open","ping_status":"open","sticky":false,"template":"","format":"standard","meta":{"footnotes":""},"categories":[4],"tags":[],"class_list":["post-806","post","type-post","status-publish","format-standard","has-post-thumbnail","hentry","category-newsortsverbaende"],"_links":{"self":[{"href":"https:\/\/www.gruene-mkk.de\/hr\/wp-json\/wp\/v2\/posts\/806","targetHints":{"allow":["GET"]}}],"collection":[{"href":"https:\/\/www.gruene-mkk.de\/hr\/wp-json\/wp\/v2\/posts"}],"about":[{"href":"https:\/\/www.gruene-mkk.de\/hr\/wp-json\/wp\/v2\/types\/post"}],"author":[{"embeddable":true,"href":"https:\/\/www.gruene-mkk.de\/hr\/wp-json\/wp\/v2\/users\/2"}],"replies":[{"embeddable":true,"href":"https:\/\/www.gruene-mkk.de\/hr\/wp-json\/wp\/v2\/comments?post=806"}],"version-history":[{"count":2,"href":"https:\/\/www.gruene-mkk.de\/hr\/wp-json\/wp\/v2\/posts\/806\/revisions"}],"predecessor-version":[{"id":810,"href":"https:\/\/www.gruene-mkk.de\/hr\/wp-json\/wp\/v2\/posts\/806\/revisions\/810"}],"wp:featuredmedia":[{"embeddable":true,"href":"https:\/\/www.gruene-mkk.de\/hr\/wp-json\/wp\/v2\/media\/807"}],"wp:attachment":[{"href":"https:\/\/www.gruene-mkk.de\/hr\/wp-json\/wp\/v2\/media?parent=806"}],"wp:term":[{"taxonomy":"category","embeddable":true,"href":"https:\/\/www.gruene-mkk.de\/hr\/wp-json\/wp\/v2\/categories?post=806"},{"taxonomy":"post_tag","embeddable":true,"href":"https:\/\/www.gruene-mkk.de\/hr\/wp-json\/wp\/v2\/tags?post=806"}],"curies":[{"name":"wp","href":"https:\/\/api.w.org\/{rel}","templated":true}]}}