{"id":766,"date":"2021-12-03T17:29:00","date_gmt":"2021-12-03T16:29:00","guid":{"rendered":"https:\/\/www.alles-bleibt-anders.org\/?p=766"},"modified":"2021-12-09T17:30:29","modified_gmt":"2021-12-09T16:30:29","slug":"antraege-zum-haushalt-umweltbildung-tierwohl-und-landwirtschaft","status":"publish","type":"post","link":"https:\/\/www.gruene-mkk.de\/hr\/antraege-zum-haushalt-umweltbildung-tierwohl-und-landwirtschaft\/","title":{"rendered":"Prora\u010dunski zahtjevi: Edukacija o okoli\u0161u, dobrobiti \u017eivotinja i poljoprivredi"},"content":{"rendered":"<p><strong>Klub zastupnika Zelenog parlamenta predstavlja prijedloge prora\u010duna za sljede\u0107i okrugli stol<\/strong><\/p>\n\n\n\n<!--more-->\n\n\n\n<p>\"U predstoje\u0107em prora\u010dunu \u017eeljeli bismo se usredoto\u010diti na obrazovanje o okoli\u0161u, dobrobit \u017eivotinja i poljoprivredu\", rekao je Rainer Vogel, glasnogovornik za poljoprivrednu politiku Zelene skupine u okru\u017enom parlamentu, obja\u0161njavaju\u0107i tri od deset prijedloga njegove skupine za sljede\u0107u sjednicu okru\u017enog parlamenta: \u201eTo \u017eelimo posti\u0107i inicijativama u podru\u010dju Ureda za veterinarstvo, ali i pove\u0107anjem financijskih sredstava za \u201epodru\u010dje u\u010denja u podru\u010dju poljoprivrede\u201d i studijom izvedivosti za regionalnu klaonicu.\u201d<\/p>\n\n\n\n<p>\u201ePodru\u010dje u\u010denja u poljoprivredi\u201d osigurava da \u0161kolske skupine i pred\u0161kolske skupine dobiju uvid u proizvodnju svoje hrane posjetima poljoprivrednim gospodarstvima u MKK-u: \"Ova edukacija o hrani i okoli\u0161u va\u017ena je od rane dobi kako bi se podigla svijest o podrijetlu regionalno proizvedene hrane i radu koji stoji iza nje\", ka\u017ee Vogel. Uostalom, proizvodnja regionalne i visokokvalitetne hrane mora se vratiti u prvi plan. \u201eNamjenski prora\u010dun nije dovoljan za pru\u017eanje opse\u017enih informacija u\u010denicima i mladima. Stoga pozivamo na to da se od prora\u010duna za 2022. nadalje taj iznos pove\u0107a za 20 000 eura. To omogu\u0107uje oko 150 vi\u0161e posjeta poljoprivrednim gospodarstvima godi\u0161nje.\" Osim toga, krug bi se trebao \"vi\u0161e usredoto\u010diti na va\u017ean rad poljoprivrednika kroz promid\u017ebenu kampanju, na primjer u kontekstu regije ekolo\u0161kog modela.\"<\/p>\n\n\n\n<p>Na posljednjem okruglom stolu okrug Main-Kinzig odlu\u010dio je organizirati okrugli stol o regionalnom klanju: \u201eNakon zatvaranja klaonice u B\u00fcdingenu nestala je sredi\u0161nja klaonica za mesare i izravne trgovce iz okruga Main-Kinzig.\u201d Time se znatno pove\u0107ava prijevoz \u017eivotinja za klanje: \"Mogu\u0107nost istovara tijekom pregleda prijevoza \u017eivotinja, na primjer nakon pregleda na autocesti, tako\u0111er je potpuno eliminirana\", rekao je glasnogovornik poljoprivredne politike. Klub zastupnika okruga ve\u0107 je na zahtjev razjasnio problem: \u201eStoga zahtijevamo da okrug dodijeli potrebna sredstva za provedbu studije izvedivosti u prora\u010dunu i stoga ispituje mo\u017ee li se i pod kojim mjerama upravljati regionalnom klaonicom.\u201d Trebalo bi ispitati o\u010duvanje ili izgradnju zajedni\u010dke klaonice regija eko-modela Main-Kinzig i Wetterau. Klub zastupnika Verts\/ALE-a istodobno poziva na \u0161to skorije sazivanje okruglog stola i podno\u0161enje izvje\u0161\u0107a Odboru za poljoprivredu: \u201eOvaj problem treba rije\u0161iti na vrijeme.\u201d<\/p>\n\n\n\n<p>Osim potrebnog obrazovnog rada i regionalne klaonice, dobrobit \u017eivotinja uklju\u010duje i potrebne preglede koje obavlja veterinarski ured: \"Prema Regierungspr\u00e4sidium Darmstadtu, trenutno se provodi samo oko 32 posto potrebnih provjera u ovom podru\u010dju\", ka\u017ee Vogel. Novom uredbom EU-a o kontroli dodatno bi se pro\u0161irili zahtjevi u pogledu kontrole, dok bi istodobno u Uredu za veterinarstvo bilo premalo osoblja. Zbog nedostatka osoblja i pove\u0107ane potrebe za kontrolom pozivamo stoga na otvaranje dvaju dodatnih radnih mjesta za 2022. u podru\u010dju nadzornika \u017eivotinja: \u201eNamjera je da se time dodatno pove\u0107a razina uskla\u0111enosti s kontrolama\u201d, zaklju\u010duje Vogel.<\/p>\n\n\n\n<p>Upiti za:<\/p>\n\n\n\n<p>Jakob M\u00e4hler<br>Ravnatelj\/direktorica skupine<br>Savez 90 \/ Zeleni Main-Kinzig<br>06181\/61596<br>0176\/46763336<br>fraktion@gruene-mkk.deKategorije:<a href=\"https:\/\/gruene-main-kinzig.de\/kreistagsfraktion\/pressemitteilungen-aktuell\/presse-volltext\/kategorie\/fraktion-41\/article\/antraege-zum-haushalt-umweltbildung-tierwohl-und-landwirtschaft\/\">frakcija<\/a><\/p>","protected":false},"excerpt":{"rendered":"<p>Klub zastupnika Zelenog parlamenta predstavlja prijedloge prora\u010duna za sljede\u0107i okrugli stol<\/p>","protected":false},"author":-1,"featured_media":0,"comment_status":"open","ping_status":"open","sticky":false,"template":"","format":"standard","meta":{"footnotes":""},"categories":[2],"tags":[],"class_list":["post-766","post","type-post","status-publish","format-standard","hentry","category-newskreistagsfraktion"],"_links":{"self":[{"href":"https:\/\/www.gruene-mkk.de\/hr\/wp-json\/wp\/v2\/posts\/766","targetHints":{"allow":["GET"]}}],"collection":[{"href":"https:\/\/www.gruene-mkk.de\/hr\/wp-json\/wp\/v2\/posts"}],"about":[{"href":"https:\/\/www.gruene-mkk.de\/hr\/wp-json\/wp\/v2\/types\/post"}],"author":[{"embeddable":true,"href":"https:\/\/www.gruene-mkk.de\/hr\/wp-json\/wp\/v2\/users\/2"}],"replies":[{"embeddable":true,"href":"https:\/\/www.gruene-mkk.de\/hr\/wp-json\/wp\/v2\/comments?post=766"}],"version-history":[{"count":1,"href":"https:\/\/www.gruene-mkk.de\/hr\/wp-json\/wp\/v2\/posts\/766\/revisions"}],"predecessor-version":[{"id":768,"href":"https:\/\/www.gruene-mkk.de\/hr\/wp-json\/wp\/v2\/posts\/766\/revisions\/768"}],"wp:attachment":[{"href":"https:\/\/www.gruene-mkk.de\/hr\/wp-json\/wp\/v2\/media?parent=766"}],"wp:term":[{"taxonomy":"category","embeddable":true,"href":"https:\/\/www.gruene-mkk.de\/hr\/wp-json\/wp\/v2\/categories?post=766"},{"taxonomy":"post_tag","embeddable":true,"href":"https:\/\/www.gruene-mkk.de\/hr\/wp-json\/wp\/v2\/tags?post=766"}],"curies":[{"name":"wp","href":"https:\/\/api.w.org\/{rel}","templated":true}]}}