{"id":68,"date":"2021-07-12T10:00:00","date_gmt":"2021-07-12T08:00:00","guid":{"rendered":"https:\/\/www.alles-bleibt-anders.org\/?p=68"},"modified":"2021-11-09T14:39:43","modified_gmt":"2021-11-09T13:39:43","slug":"groko-im-mkk-zeichen-der-zeit-nicht-erkannt","status":"publish","type":"post","link":"https:\/\/www.gruene-mkk.de\/hr\/groko-im-mkk-zeichen-der-zeit-nicht-erkannt\/","title":{"rendered":"GroKo u MKK-u: \u201eVremenski znakovi koji nisu priznati\u201d"},"content":{"rendered":"<p><strong>Regresija za Main-Kinzig-Kreis<\/strong><\/p>\n\n\n\n<p>\"Nastavak Velike koalicije korak je unatrag za okrug Main-Kinzig i gra\u0111ane\", ka\u017ee Reiner Bousonville, \u010delnik Zelene skupine u okru\u017enom vije\u0107u. <\/p>\n\n\n\n<!--more-->\n\n\n\n<p>\u201eIdeja koalicijskog sporazuma ve\u0107 sugerira da \u0107e se u sljede\u0107ih pet godina okrugom upravljati samo bez inovativnih ideja i, prije svega, bez postavljanja ma\u010deva u podru\u010dju za\u0161tite klime i stvaranja jednakih \u017eivotnih uvjeta od Maintala do Sinntala. Iako je to prikladno, ne odgovara izazovima na\u0161eg vremena i mandatu bira\u010dkog tijela.\u201d<\/p>\n\n\n\n<p>Poba\u010deni koalicijski pregovori sa Zelenima i FDP-om ve\u0107 su pokazali da svje\u017ei vjetrovi i nove ideje nisu po\u017eeljni u temama koje pokre\u0107u ljude u krugu: \u201eRezultati Velike koalicije posljednjih su godina razorni. Nijedna od 90 mjera nije provedena konceptom biciklisti\u010dkog puta, umjesto toga izra\u0111en je novi koncept, plan razvoja \u0161kole morao se vratiti odboru zbog brojnih pogre\u0161aka, Akademija zdravlja i skrbi jo\u0161 uvijek ne stoji, a bilanca Co2 koja je kasnila od 1997. jo\u0161 uvijek nedostaje\", sa\u017eima Bousonville. \u00a0\u201eOkrug je jedan od posljednjih koji se pridru\u017euje regijama s ekolo\u0161kim modelom savezne zemlje Hessen, iako ima najve\u0107i udio ekolo\u0161kih poljoprivrednih gospodarstava u Hessenu. \u0160irenje \u0161irokopojasnog interneta usporava se na mnogim mjestima, a nedostaju va\u017ena radna mjesta za osoblje u okrugu, primjerice za za\u0161titu klime, \u0161irenje biciklisti\u010dkih staza, integraciju i migracije.\u201d<\/p>\n\n\n\n<p>Zahtjev Zelenih da se pove\u0107a broj radnih mjesta u zdravstvenom uredu odbijen je krajem 2019. godine, \"kad je pozvao na stro\u017ee zakone o oru\u017eju nakon napada u Hanauu, postavljen je okrugli stol koji se nije ponovno sastao nakon jednokratnog sastanka. Nakon \u010detiri godine pridru\u017eivanja \u201eHessen aktivu\u201d nije sastavljen katalog mjera za za\u0161titu klime i inicijative s kojima se mo\u017ee pohvaliti \u010dlanica okru\u017enog vije\u0107a Susanne Simmler, kao \u0161to su \u0161alica za vi\u0161ekratne pologe \u201eMain-Kinzig-Krug\u201d ili odricanje od plastike u \u201eMKK-L\u00e4dchenu\u201d, dodaju potpredsjednici Viola Ha\u00dfdenteufel i Jakob M\u00e4hler. \u201eBiti fotografiran uz cvjetne livade po\u010detak je, ali ne jam\u010di dovoljan doprinos borbi protiv klimatske krize i izumiranja vrsta na razini okruga.\u201d<\/p>\n\n\n\n<p>\"Ako velika koalicija sada objavi da \u017eeli nastaviti s ovim radom, mo\u017eete biti upla\u0161eni i zabrinuti\", ka\u017ee Bousonville. \u201eJasno je da SPD i CDU nisu prepoznali znakove vremena i zanemaruju volju bira\u010da da pove\u0107aju za\u0161titu okoli\u0161a i klime. Najni\u017ei zajedni\u010dki nazivnik tog GroKoa u MKK-u osigurana je ve\u0107ina kako bi se moglo vladati bez ambicije i bez brige.\u201d<\/p>\n\n\n\n<p>Zelenima je to prilika da se \u201enastave boriti za istinsku za\u0161titu klime i socijalnu politiku s aplikacijama i zahtjevima\u201d. SPD i CDU ovdje tvrde \u201ejasan smjer\u201d: \u201eTe\u010daj ide samo u pogre\u0161nom smjeru\u201d, zaklju\u010duje Bousonville.<\/p>\n\n\n\n<p>Upiti za:<\/p>\n\n\n\n<p>Jakob M\u00e4hler<br>Ravnatelj\/direktorica skupine<br>Savez 90 \/ Zeleni Main-Kinzig<br>06181\/61596<br>0176\/46763336<br>fraktion@gruene-mkk.de<\/p>","protected":false},"excerpt":{"rendered":"<p>Regresija za okrug Main-Kinzig \"Nastavak Velike koalicije je regresija za okrug Main-Kinzig i gra\u0111ane\", ka\u017ee Reiner Bousonville, \u010delnik Zelene skupine u okru\u017enom vije\u0107u.<\/p>","protected":false},"author":-1,"featured_media":0,"comment_status":"open","ping_status":"open","sticky":false,"template":"","format":"standard","meta":{"footnotes":""},"categories":[2],"tags":[],"class_list":["post-68","post","type-post","status-publish","format-standard","hentry","category-newskreistagsfraktion"],"_links":{"self":[{"href":"https:\/\/www.gruene-mkk.de\/hr\/wp-json\/wp\/v2\/posts\/68","targetHints":{"allow":["GET"]}}],"collection":[{"href":"https:\/\/www.gruene-mkk.de\/hr\/wp-json\/wp\/v2\/posts"}],"about":[{"href":"https:\/\/www.gruene-mkk.de\/hr\/wp-json\/wp\/v2\/types\/post"}],"author":[{"embeddable":true,"href":"https:\/\/www.gruene-mkk.de\/hr\/wp-json\/wp\/v2\/users\/2"}],"replies":[{"embeddable":true,"href":"https:\/\/www.gruene-mkk.de\/hr\/wp-json\/wp\/v2\/comments?post=68"}],"version-history":[{"count":2,"href":"https:\/\/www.gruene-mkk.de\/hr\/wp-json\/wp\/v2\/posts\/68\/revisions"}],"predecessor-version":[{"id":70,"href":"https:\/\/www.gruene-mkk.de\/hr\/wp-json\/wp\/v2\/posts\/68\/revisions\/70"}],"wp:attachment":[{"href":"https:\/\/www.gruene-mkk.de\/hr\/wp-json\/wp\/v2\/media?parent=68"}],"wp:term":[{"taxonomy":"category","embeddable":true,"href":"https:\/\/www.gruene-mkk.de\/hr\/wp-json\/wp\/v2\/categories?post=68"},{"taxonomy":"post_tag","embeddable":true,"href":"https:\/\/www.gruene-mkk.de\/hr\/wp-json\/wp\/v2\/tags?post=68"}],"curies":[{"name":"wp","href":"https:\/\/api.w.org\/{rel}","templated":true}]}}