{"id":525,"date":"2021-10-28T12:40:00","date_gmt":"2021-10-28T10:40:00","guid":{"rendered":"https:\/\/www.alles-bleibt-anders.org\/?p=525"},"modified":"2021-11-25T12:47:13","modified_gmt":"2021-11-25T11:47:13","slug":"unsere-antraege-zum-kreistag-am-29-oktober","status":"publish","type":"post","link":"https:\/\/www.gruene-mkk.de\/hr\/unsere-antraege-zum-kreistag-am-29-oktober\/","title":{"rendered":"Na\u0161i zahtjevi za okru\u017eno vije\u0107e 29. listopada"},"content":{"rendered":"<p><strong>MKK \u0107e postati sigurno uto\u010di\u0161te<\/strong><\/p>\n\n\n\n<p>Velika koalicija odbila je 2019. prijedlog Zelenih i ljevice da se okrug Main-Kinzig proglasi sigurnim uto\u010di\u0161tem: \u201eSada ponovno podnosimo zahtjev. Nedavni doga\u0111aji u Afganistanu pokazuju koliko je va\u017eno prihvatiti izbjeglice\", ka\u017ee Mahwish Iftikhar.<\/p>\n\n\n\n<p><a href=\"https:\/\/www.alles-bleibt-anders.org\/antrag-mkk-soll-sicherer-hafen-werden\/\">Na\u0161 zahtjev<\/a><\/p>\n\n\n\n<p><a href=\"https:\/\/www.alles-bleibt-anders.org\/main-kinzig-kreis-soll-sicherer-hafen-werden\/\">Na\u0161e priop\u0107enje za medije<\/a><\/p>\n\n\n\n<p><strong>Naran\u010dasti svijet<\/strong><\/p>\n\n\n\n<p>25. studenog, Main-Kinzig Forum \u0107e biti osvijetljen naran\u010dastom bojom kako bi izrazio solidarnost sa \u017eenama koje su do\u017eivjele nasilje.<\/p>\n\n\n\n<p><a href=\"https:\/\/www.alles-bleibt-anders.org\/antrag-orange-the-world\/\">Na\u0161 zahtjev<\/a><\/p>\n\n\n\n<p><strong>Izmjena studentske karte<\/strong><\/p>\n\n\n\n<p>Amandmanom \u017eelimo osigurati uvo\u0111enje studentske karte za sve u\u010denike ve\u0107 2022. godine, bez obzira na razred u koji odlaze i koliko blizu \u017eive u \u0161koli.<\/p>\n\n\n\n<p><a href=\"https:\/\/www.alles-bleibt-anders.org\/aenderungsantrag-zum-schuelerticket\/\">Na\u0161 zahtjev<\/a><\/p>\n\n\n\n<p><strong>Izmjena: Provedba pakta za poslijepodne<\/strong><\/p>\n\n\n\n<p>Me\u0111u ostalim, na\u0161im amandmanom \u017eelimo osigurati adekvatno financiranje udruga za skrb o djeci u \u0161kolama koje nude skrb o djeci u okviru pakta za poslijepodne. Zato \u017eelimo pove\u0107ati donacije godi\u0161nje po djetetu sa 700 na 1400 \u20ac.<\/p>\n\n\n\n<p><a href=\"https:\/\/www.alles-bleibt-anders.org\/aenderungsantrag-umsetzung-des-paktes-fuer-den-nachmittag\/\">Na\u0161 zahtjev<\/a><\/p>\n\n\n\n<p><strong>Trenuta\u010dno vrijeme u Kreissparkasseu<\/strong><\/p>\n\n\n\n<p>Koje je informacije Landrat Thorsten Stolz imao o gra\u0111evinskom projektu Kreissparkasse u Gelnhausenu? Koji su tro\u0161kovi nastali za okrug i koliko je vije\u0107e okruga odgovorno za neuspjeh? \u017deljeli bismo da na ta pitanja odgovori krug i stoga smo zabilje\u017eili teku\u0107i sat.<\/p>\n\n\n\n<p><a href=\"https:\/\/www.alles-bleibt-anders.org\/gruene-fraktion-meldet-aktuelle-stunde-zur-kreissparkasse-an\/\">Na\u0161e priop\u0107enje za medije<\/a><\/p>","protected":false},"excerpt":{"rendered":"<p>Velika koalicija odbila je 2019. prijedlog Zelenih i ljevice da se okrug Main-Kinzig proglasi sigurnim uto\u010di\u0161tem: \u201eSada podnosimo zahtjev [...]<\/p>","protected":false},"author":-1,"featured_media":0,"comment_status":"open","ping_status":"open","sticky":false,"template":"","format":"standard","meta":{"footnotes":""},"categories":[9],"tags":[],"class_list":["post-525","post","type-post","status-publish","format-standard","hentry","category-antraege-und-anfragen"],"_links":{"self":[{"href":"https:\/\/www.gruene-mkk.de\/hr\/wp-json\/wp\/v2\/posts\/525","targetHints":{"allow":["GET"]}}],"collection":[{"href":"https:\/\/www.gruene-mkk.de\/hr\/wp-json\/wp\/v2\/posts"}],"about":[{"href":"https:\/\/www.gruene-mkk.de\/hr\/wp-json\/wp\/v2\/types\/post"}],"author":[{"embeddable":true,"href":"https:\/\/www.gruene-mkk.de\/hr\/wp-json\/wp\/v2\/users\/2"}],"replies":[{"embeddable":true,"href":"https:\/\/www.gruene-mkk.de\/hr\/wp-json\/wp\/v2\/comments?post=525"}],"version-history":[{"count":1,"href":"https:\/\/www.gruene-mkk.de\/hr\/wp-json\/wp\/v2\/posts\/525\/revisions"}],"predecessor-version":[{"id":527,"href":"https:\/\/www.gruene-mkk.de\/hr\/wp-json\/wp\/v2\/posts\/525\/revisions\/527"}],"wp:attachment":[{"href":"https:\/\/www.gruene-mkk.de\/hr\/wp-json\/wp\/v2\/media?parent=525"}],"wp:term":[{"taxonomy":"category","embeddable":true,"href":"https:\/\/www.gruene-mkk.de\/hr\/wp-json\/wp\/v2\/categories?post=525"},{"taxonomy":"post_tag","embeddable":true,"href":"https:\/\/www.gruene-mkk.de\/hr\/wp-json\/wp\/v2\/tags?post=525"}],"curies":[{"name":"wp","href":"https:\/\/api.w.org\/{rel}","templated":true}]}}