{"id":520,"date":"2021-10-25T12:37:00","date_gmt":"2021-10-25T10:37:00","guid":{"rendered":"https:\/\/www.alles-bleibt-anders.org\/?p=520"},"modified":"2021-11-25T12:39:01","modified_gmt":"2021-11-25T11:39:01","slug":"aenderungsantrag-zum-schuelerticket","status":"publish","type":"post","link":"https:\/\/www.gruene-mkk.de\/hr\/aenderungsantrag-zum-schuelerticket\/","title":{"rendered":"Izmjena studentske karte"},"content":{"rendered":"<p><strong>Odluka:&nbsp;<\/strong><\/p>\n\n\n\n<p>1.\u00a0\u00a0\u00a0\u00a0\u00a0\u00a0Okru\u017enom odboru nala\u017ee se da sura\u0111uje s dr\u017eavom Hessen kako bi se osiguralo da svi u\u010denici i njegovatelji mogu besplatno koristiti javni prijevoz u Hessenu na \u0161kolskim izletima i \u0161kolskim izletima, bez obzira na to imaju li studentsku kartu.<\/p>\n\n\n\n<p>2.\u00a0\u00a0\u00a0\u00a0\u00a0\u00a0Okru\u017eno vije\u0107e okruga Main-Kinzig poziva dr\u017eavnu vladu da zajedno s prometnim udrugama u Hessenu svim u\u010denicima, uklju\u010duju\u0107i osnovne \u0161kole i SEK II, osigura studentsku kartu koja po\u010dinje 1. sije\u010dnja 2022. Odgovaraju\u0107a kompenzacijska sredstva stavljaju se na raspolaganje u prora\u010dunu za 2022.<\/p>\n\n\n\n<p>3.\u00a0\u00a0\u00a0\u00a0\u00a0\u00a0Okru\u017eno vije\u0107e okruga Main-Kinzig poziva dr\u017eavnu vladu da izmijeni \u010dlanak 161. HSchG-a i ukloni ograni\u010denja udaljenosti za kori\u0161tenje besplatne studentske karte za u\u010denike.<\/p>\n\n\n\n<p>4.\u00a0\u00a0\u00a0\u00a0\u00a0\u00a0Ako uvo\u0111enje studentske karte 1. sije\u010dnja 2022. nije mogu\u0107e, okru\u017eno vije\u0107e provest \u0107e pretfinanciranje i zatra\u017eiti od dr\u017eave Hessen da naknadno snosi tro\u0161kove te da ih vrati ili nadoknadi.<\/p>\n\n\n\n<p><strong>Obrazlo\u017eenje:<\/strong><\/p>\n\n\n\n<p>Od strane:<em>&nbsp;<\/em>postoje\u0107im zakonskim propisima odre\u0111uje se udaljenost izme\u0111u mjesta boravi\u0161ta i \u0161kole ili utvr\u0111enog posebno opasnog \u0161kolskog puta, bez obzira na to dobivaju li u\u010denici besplatnu studentsku godi\u0161nju kartu ili ne. Ova karta ne mo\u017ee se koristiti samo za putovanje u \u0161kolu, ve\u0107 vrijedi i u slobodno vrijeme Hesse-wide i stoga je vrlo atraktivna. Mladi \u0107e se stoga u ranoj fazi upoznati s kori\u0161tenjem lokalnog javnog prijevoza, koji \u0107e se isplatiti odgovaraju\u0107im ponudama kao olak\u0161anje za cestovni promet budu\u0107nosti.<\/p>\n\n\n\n<p>S na\u0161e to\u010dke gledi\u0161ta, pravni propisi vi\u0161e nisu aktualni i uzrokuju nepravde, kako na putu do \u0161kole tako i izvan nje (npr. slobodne aktivnosti, sport itd.). To bi mogli rije\u0161iti zakonodavci na dr\u017eavnoj razini. Okru\u017eno vije\u0107e stoga poziva dr\u017eavnu vladu da odmah ukloni tu nepravdu.<\/p>\n\n\n\n<p>Model projekta nije potreban, ali ako se financiranje vi\u0161e ne mo\u017ee utvrditi u dr\u017eavnom prora\u010dunu za 2022., krug bi trebao i\u0107i unaprijed.<\/p>","protected":false},"excerpt":{"rendered":"<p>Odluka:\u00a0 1.\u00a0\u00a0\u00a0\u00a0\u00a0\u00a0Okru\u017eni odbor naru\u010dila je dr\u017eava Hessen kako bi se osiguralo da svi u\u010denici i njegovatelji mogu besplatno koristiti javni prijevoz na \u0161kolskim izletima i \u0161kolskim izletima.<\/p>","protected":false},"author":-1,"featured_media":0,"comment_status":"open","ping_status":"open","sticky":false,"template":"","format":"standard","meta":{"footnotes":""},"categories":[9],"tags":[],"class_list":["post-520","post","type-post","status-publish","format-standard","hentry","category-antraege-und-anfragen"],"_links":{"self":[{"href":"https:\/\/www.gruene-mkk.de\/hr\/wp-json\/wp\/v2\/posts\/520","targetHints":{"allow":["GET"]}}],"collection":[{"href":"https:\/\/www.gruene-mkk.de\/hr\/wp-json\/wp\/v2\/posts"}],"about":[{"href":"https:\/\/www.gruene-mkk.de\/hr\/wp-json\/wp\/v2\/types\/post"}],"author":[{"embeddable":true,"href":"https:\/\/www.gruene-mkk.de\/hr\/wp-json\/wp\/v2\/users\/2"}],"replies":[{"embeddable":true,"href":"https:\/\/www.gruene-mkk.de\/hr\/wp-json\/wp\/v2\/comments?post=520"}],"version-history":[{"count":1,"href":"https:\/\/www.gruene-mkk.de\/hr\/wp-json\/wp\/v2\/posts\/520\/revisions"}],"predecessor-version":[{"id":522,"href":"https:\/\/www.gruene-mkk.de\/hr\/wp-json\/wp\/v2\/posts\/520\/revisions\/522"}],"wp:attachment":[{"href":"https:\/\/www.gruene-mkk.de\/hr\/wp-json\/wp\/v2\/media?parent=520"}],"wp:term":[{"taxonomy":"category","embeddable":true,"href":"https:\/\/www.gruene-mkk.de\/hr\/wp-json\/wp\/v2\/categories?post=520"},{"taxonomy":"post_tag","embeddable":true,"href":"https:\/\/www.gruene-mkk.de\/hr\/wp-json\/wp\/v2\/tags?post=520"}],"curies":[{"name":"wp","href":"https:\/\/api.w.org\/{rel}","templated":true}]}}