{"id":501,"date":"2021-08-20T13:53:00","date_gmt":"2021-08-20T11:53:00","guid":{"rendered":"https:\/\/www.alles-bleibt-anders.org\/?p=501"},"modified":"2021-11-24T13:55:26","modified_gmt":"2021-11-24T12:55:26","slug":"anfrage-zum-plastikverbrauch-der-verwaltung","status":"publish","type":"post","link":"https:\/\/www.gruene-mkk.de\/hr\/anfrage-zum-plastikverbrauch-der-verwaltung\/","title":{"rendered":"Zahtjev uprave za potro\u0161nju plastike"},"content":{"rendered":"<p><strong>Predmet pitanja:<\/strong><\/p>\n\n\n\n<p>Dana 31. kolovoza 2018. godine, Okru\u017eno vije\u0107e odlu\u010dilo je osloboditi se plasti\u010dnih proizvoda za jednokratnu upotrebu koji se mogu izbje\u0107i u zgradama okruga, u vlastitim tvrtkama okruga i na doga\u0111ajima.<\/p>\n\n\n\n<p><strong>Pitanja:<\/strong><\/p>\n\n\n\n<p><strong>Koje su mjere od tada provedene<\/strong><\/p>\n\n\n\n<p><strong>a)&nbsp;&nbsp;&nbsp;&nbsp;&nbsp;&nbsp;<\/strong><strong>Od administracije?<\/strong><\/p>\n\n\n\n<p><strong>Odgovor:<\/strong><br>\u2013 Vo\u0107e i \u017eitarice nude se isklju\u010divo u staklenkama.<\/p>\n\n\n\n<p>\u2013 salate i preljevi za ponijeti pakirani su u spremnike koji se mogu kompostirati.<\/p>\n\n\n\n<p>\u2013 \u0160alice za kavu tako\u0111er se izdaju kao spremnici koji se mogu kompostirati.<\/p>\n\n\n\n<p>\u2013 nudi se baca\u010d MKK-a.<\/p>\n\n\n\n<p>\u2013 Mogu\u0107e je napuniti vlastite \u0161alice.<\/p>\n\n\n\n<p>\u2013 Osim slatki\u0161a i sendvi\u010d ambala\u017ee, vi\u0161e se ne upotrebljava plasti\u010dna ambala\u017ea.<\/p>\n\n\n\n<p><strong>b)&nbsp;&nbsp;&nbsp;&nbsp;&nbsp;&nbsp;<\/strong><strong>Od vlastitih tvrtki u \u017eupaniji?<\/strong><\/p>\n\n\n\n<p><strong>Odgovor:<\/strong><\/p>\n\n\n\n<p>Pri prikupljanju informacija u obzir su uzeta samo poduze\u0107a u vlasni\u0161tvu okruga koja imaju relevantan potencijal (npr. zahvaljuju\u0107i radu kantine, gastronomiji ili skrbi za pacijente) i uglavnom su u vlasni\u0161tvu pokrajine Main-Kinzig-Kreis.&nbsp;&nbsp;<\/p>\n\n\n\n<p><strong>Odgovorite aQa gGmbH<\/strong><\/p>\n\n\n\n<p>\u2013 U najve\u0107oj mogu\u0107oj mjeri nema porcijskih pakiranja<\/p>\n\n\n\n<p>\u2013 Doziranje hrane provodi se u jednokratnoj ambala\u017ei bez PVC-a uz dodatni tro\u0161ak ili u sustavu povratne naknade za vi\u0161ekratnu uporabu.<\/p>\n\n\n\n<p>\u2013 Distribucija hladnih napitaka uglavnom se provodi u sustavima koji se mogu ponovno upotrijebiti.<\/p>\n\n\n\n<p>\u2013 Mogu\u0107e je napuniti vlastite \u0161alice.<\/p>\n\n\n\n<p><strong>Odgovorite APZ gGmbH<\/strong><\/p>\n\n\n\n<p>\u2013 napunjene su samo vlastite \u010da\u0161e\/\u010da\u0161e. (Sva topla i hladna pi\u0107a)<\/p>\n\n\n\n<p>\u2013 Izbjegavanje malih spremnika u opskrbi hranom za stanovnike, do\u0161lo je do prenamjene u velike spremnike<\/p>\n\n\n\n<p>\u2013 Gotovo bez iznimke, stolni proizvodi i pribor za jelo koji se mogu ponovno upotrijebiti upotrebljavaju se na doga\u0111anjima (ljetna zabava, bo\u017ei\u0107na zabava, izleti poduze\u0107a itd.).<\/p>\n\n\n\n<p>\u2013 Ako je stolno posu\u0111e za jednokratnu uporabu (iznimni slu\u010daj), dostupan je materijal od bambusa.<\/p>\n\n\n\n<p>\u2013 podi\u0107i svijest osoblja o proizvodima za jednokratnu uporabu koji se mogu izbje\u0107i tijekom postupka naru\u010divanja.<\/p>\n\n\n\n<p>\u2013 Pokretanje projekta Climate Saviour za podizanje svijesti osoblja, informiranje osoblja i osposobljavanje<\/p>\n\n\n\n<p>Napomena: Velik dio plasti\u010dnog ili ambala\u017enog otpada ne mo\u017ee se izbje\u0107i u kontekstu skrbi za starije osobe, posebno tijekom pandemije koronavirusa, isklju\u010divo iz higijenskih razloga.<\/p>\n\n\n\n<p><strong>Odgovorite na vlastiti ra\u010dun omladinski i zabavni sadr\u017eaji<\/strong><\/p>\n\n\n\n<p>\u2013 EB JFE upotrebljava samo stolno i pribor za jelo koji se mogu ponovno upotrijebiti.<\/p>\n\n\n\n<p>\u2013 mogu\u0107nost punjenja\/kori\u0161tenja vlastitih \u010da\u0161a\/kupova\/kanana.<\/p>\n\n\n\n<p>\u2013 Nabava velikih spremnika i s time povezano smanjenje ili znatno odricanje od jednokratne plastike \/ jednokratne i porcijske ambala\u017ee u ugostiteljskom sektoru (djelomi\u010dno obustavljeno u kontekstu pandemije koronavirusa iz higijenskih razloga).<\/p>\n\n\n\n<p>\u2013 Kupnja\/prodaja pi\u0107a u bocama za vi\u0161ekratnu uporabu<\/p>\n\n\n\n<p>\u2013 podi\u0107i svijest osoblja o proizvodima za jednokratnu uporabu koji se mogu izbje\u0107i tijekom postupka naru\u010divanja.<\/p>\n\n\n\n<p>\u2013 planirana kvalifikacija zaposlenika EB-a kao \u201eslu\u017ebenika za odr\u017eivost u ugostiteljstvu u zajednici\u201d; 8 modula s ukupno 71 jedinicom za osposobljavanje (ali otkazano 2020.\/2021. zbog pandemije koronavirusa, bit \u0107e odgo\u0111eno 2022.).<\/p>\n\n\n\n<p>\u2013 kupnja velikih spremnika u doma\u0107em\/tehni\u010dkom sektoru i povezana integracija sustava doziranja (npr. deterd\u017eenti, bazen za radne materijale).<\/p>\n\n\n\n<p><strong>Odgovori Main-Kinzig klinikama<\/strong><\/p>\n\n\n\n<p>\u2013 u kafeteriji vi\u0161e nema jednokratnih \u0161alica za kavu.<\/p>\n\n\n\n<p>\u2013 Mogu\u0107e je napuniti vlastitu \u0161alicu kave.<\/p>\n\n\n\n<p>\u2013 Upotrebljava se MK-Krug (ili planirani sustav povratne naknade MK Kreisa).<\/p>\n\n\n\n<p>\u2013 Uzorci za restituciju pakiraju se u spremnike koji se mogu kompostirati.<\/p>\n\n\n\n<p>\u2013 d\u017eemovi, namazi, kondenzirano mlijeko, jogurti, pudingi, \u010dokoladne plo\u010dice, sendvi\u010di u ambala\u017ei za jednokratnu upotrebu iz higijenskih razloga.<\/p>\n\n\n\n<p>\u2013 salate u kantini nude se u staklenim zdjelama.<\/p>\n\n\n\n<p>\u2013 salate namijenjene njezi pacijenata pune se u boce u posudama za vi\u0161ekratnu uporabu ili u spremnicima koji se mogu kompostirati.<\/p>\n\n\n\n<p>\u2013 Na postajama se nalaze drveni \u0161tapi\u0107i za mije\u0161anje<\/p>\n\n\n\n<p>\u2013 Za doga\u0111aje se upotrebljava ponovno uporabljivi stolni proizvodi ili biorazgradivi stolni proizvodi (palm list itd.).<\/p>\n\n\n\n<p>\u2013 Sve ToGo zdjele u kantini mogu se kompostirati<\/p>\n\n\n\n<p>Napomena: U podru\u010dju medicinske skrbi za pacijente jednokratno pakiranje ne mo\u017ee se izdati iz higijenskih razloga. Ako je mogu\u0107e, bit \u0107e reciklirani. Me\u0111utim, u nekim se slu\u010dajevima moraju koristiti za toplinsku oporabu kao dio bolni\u010dkog otpada.<\/p>\n\n\n\n<p><strong>Odgovori Kreiswerke Main-Kinzig GmbH<\/strong><\/p>\n\n\n\n<p>\u2013 Isklju\u010diva uporaba stolnih proizvoda za vi\u0161ekratnu uporabu<\/p>\n\n\n\n<p>\u2013 Limenke \u0161e\u0107era umjesto pakiranih \u0161tapi\u0107a za \u0161e\u0107er<\/p>\n\n\n\n<p>\u2013 vi\u0161e nema pojedina\u010dnih limenki za mlijeko, nego vr\u010deva za mlijeko<\/p>\n\n\n\n<p>\u2013 Prirodne vre\u0107ice za jutu umjesto plasti\u010dnih vre\u0107ica<\/p>\n\n\n\n<p>\u2013 Nema vi\u0161e pakiranih kola\u010di\u0107a itd. za pripremu i poslu\u017eivanje hrane i pi\u0107a<\/p>\n\n\n\n<p>\u2013 plasti\u010dna ambala\u017ea nakon IT-a preba\u010dena na ambala\u017eu od prirodnog papira<\/p>\n\n\n\n<p><strong>c)&nbsp;&nbsp;&nbsp;&nbsp;&nbsp;&nbsp;&nbsp;<\/strong><strong>na doga\u0111ajima?<\/strong><\/p>\n\n\n\n<p><strong>Odgovor:<\/strong><\/p>\n\n\n\n<p>Koristi se posu\u0111e za vi\u0161ekratnu upotrebu.<\/p>\n\n\n\n<p><strong>Koliko kilograma plasti\u010dnog otpada proizvede uprava okruga?<\/strong><\/p>\n\n\n\n<p><strong>Odgovor:<\/strong><\/p>\n\n\n\n<p>Budu\u0107i da se plasti\u010dni otpad ne va\u017ee, ne mogu se navesti informacije o masi.<\/p>\n\n\n\n<p>Na administrativnim mjestima nalazi se ukupno 17 kontejnera s kapacitetom od 1,1 m3, koji se prazni mjese\u010dno.<\/p>\n\n\n\n<p><strong>Planiraju li se daljnje mjere za izbjegavanje plasti\u010dnih proizvoda za jednokratnu upotrebu?<\/strong><\/p>\n\n\n\n<p><strong>Odgovor:<\/strong><\/p>\n\n\n\n<p>Trenuta\u010dno se ne planiraju daljnje mjere.<\/p>\n\n\n\n<p><strong>Postoje li te\u010dajevi osposobljavanja za zaposlenike o tome kako se radno mjesto mo\u017ee ekolo\u0161ki osmisliti mjerama za za\u0161titu klime i okoli\u0161a?<\/strong><\/p>\n\n\n\n<p><strong>Odgovor:<\/strong><\/p>\n\n\n\n<p>Ne, ne.<\/p>","protected":false},"excerpt":{"rendered":"<p>Predmet pitanja: Dana 31. kolovoza 2018. godine, Okru\u017eno vije\u0107e odlu\u010dilo je osloboditi se plasti\u010dnih proizvoda za jednokratnu upotrebu koji se mogu izbje\u0107i u zgradama okruga, u vlastitim tvrtkama okruga i na doga\u0111ajima. Pitanja: Koje su mjere poduzete od [...]<\/p>","protected":false},"author":-1,"featured_media":0,"comment_status":"open","ping_status":"open","sticky":false,"template":"","format":"standard","meta":{"footnotes":""},"categories":[9],"tags":[],"class_list":["post-501","post","type-post","status-publish","format-standard","hentry","category-antraege-und-anfragen"],"_links":{"self":[{"href":"https:\/\/www.gruene-mkk.de\/hr\/wp-json\/wp\/v2\/posts\/501","targetHints":{"allow":["GET"]}}],"collection":[{"href":"https:\/\/www.gruene-mkk.de\/hr\/wp-json\/wp\/v2\/posts"}],"about":[{"href":"https:\/\/www.gruene-mkk.de\/hr\/wp-json\/wp\/v2\/types\/post"}],"author":[{"embeddable":true,"href":"https:\/\/www.gruene-mkk.de\/hr\/wp-json\/wp\/v2\/users\/2"}],"replies":[{"embeddable":true,"href":"https:\/\/www.gruene-mkk.de\/hr\/wp-json\/wp\/v2\/comments?post=501"}],"version-history":[{"count":1,"href":"https:\/\/www.gruene-mkk.de\/hr\/wp-json\/wp\/v2\/posts\/501\/revisions"}],"predecessor-version":[{"id":502,"href":"https:\/\/www.gruene-mkk.de\/hr\/wp-json\/wp\/v2\/posts\/501\/revisions\/502"}],"wp:attachment":[{"href":"https:\/\/www.gruene-mkk.de\/hr\/wp-json\/wp\/v2\/media?parent=501"}],"wp:term":[{"taxonomy":"category","embeddable":true,"href":"https:\/\/www.gruene-mkk.de\/hr\/wp-json\/wp\/v2\/categories?post=501"},{"taxonomy":"post_tag","embeddable":true,"href":"https:\/\/www.gruene-mkk.de\/hr\/wp-json\/wp\/v2\/tags?post=501"}],"curies":[{"name":"wp","href":"https:\/\/api.w.org\/{rel}","templated":true}]}}