{"id":484,"date":"2021-06-11T13:33:00","date_gmt":"2021-06-11T11:33:00","guid":{"rendered":"https:\/\/www.alles-bleibt-anders.org\/?p=484"},"modified":"2024-09-05T14:42:06","modified_gmt":"2024-09-05T12:42:06","slug":"anfrage-zur-akademie-fuer-gesundheit-und-pflege","status":"publish","type":"post","link":"https:\/\/www.gruene-mkk.de\/hr\/anfrage-zur-akademie-fuer-gesundheit-und-pflege\/","title":{"rendered":"Istraga Akademije zdravlja i skrbi"},"content":{"rendered":"<p><strong>Predmet pitanja:<\/strong><\/p>\n\n\n\n<p>Okru\u017eno vije\u0107e odlu\u010dilo je 25. rujna 2020. da bi trebalo izgraditi zasebnu lokaciju za Akademiju za zdravlje i skrb u Gelnhausenu u obrazovnoj zgradi obrazovnih partnera Main-Kinziga.<\/p>\n\n\n\n<p><strong>Pitanja:<\/strong><\/p>\n\n\n\n<p>1. Koji su koraci poduzeti nakon odluke okru\u017enog vije\u0107a?<\/p>\n\n\n\n<p>Od odluke okru\u017enog vije\u0107a o lokaciji u Gelnhausenu izra\u0111en je prvi nacrt za produljenje u Bildungshausu. Trenuta\u010dno se dovr\u0161ava potrebno prostorno planiranje. Istodobno se radi na zajedni\u010dkom informati\u010dkom rje\u0161enju koje je potrebno za rad Main-Kinzig-Akademie. Za provedbu novog zajedni\u010dkog osposobljavanja od pro\u0161le godine izra\u0111en je zajedni\u010dki kurikulum pod znanstvenim nadzorom. Unato\u010d slo\u017eenosti prakti\u010dnog osposobljavanja, pro\u0161le bi se godine ve\u0107 mogla ostvariti velika mre\u017ea osposobljavanja s mnogim partnerima.<\/p>\n\n\n\n<p><br>2. Kada \u0107e biti zavr\u0161ena Akademija zdravlja i skrbi?<\/p>\n\n\n\n<p>Zbog pitanja otvorenog financiranja i pravnog okvira trenuta\u010dno nije potrebno kona\u010dno utvrditi datum dovr\u0161etka.<\/p>\n\n\n\n<p><br>3. Koliki je ukupni tro\u0161ak prvotno procijenjen u tu svrhu?<\/p>\n\n\n\n<p>Procjena tro\u0161kova arhitektonskog poduze\u0107a Rack\/Gelnhausen za projektiranje slu\u017ei kao referenca za tro\u0161kove. Trenuta\u010dno tro\u0161kovi iznose oko 16,5 milijuna eura bez zemlji\u0161ta.<\/p>\n\n\n\n<p>a. O\u010dekuje li se da \u0107e ukupni tro\u0161kovi biti ve\u0107i od procijenjenog iznosa?<\/p>\n\n\n\n<p>i. Ako je odgovor potvrdan, koje dodatne tro\u0161kove o\u010dekuje uprava?<\/p>\n\n\n\n<p>Kad izgradnja zapo\u010dne 2023., procijenjeno pove\u0107anje cijena od 3 do 6% 17,5 do 18,5 milijuna EUR godi\u0161nje.<\/p>\n\n\n\n<p><br>Ii. Ako je odgovor potvrdan, za\u0161to nastaju ti dodatni tro\u0161kovi?<\/p>\n\n\n\n<p>Zbog trenuta\u010dnih nestabilnih uvjeta (npr. nedostatak sirovina) u gra\u0111evinskoj industriji, ta se procjena mo\u017ee izraditi samo grubo.<\/p>\n\n\n\n<p><br>4. Je li radno mjesto direktora ve\u0107 popunjeno?<\/p>\n\n\n\n<p>Linija je ponovno okupirana od 1. travnja 2021. Zaposlenik Reinhard Baum ve\u0107 nekoliko desetlje\u0107a radi kao menad\u017eer u strukovnom sestrinskom obrazovanju. Kao dipl. Tvrtka edukator i Cand. Magistrirao je vo\u0111enje i treniranje, dobro je opremljen za ovu poziciju.<\/p>","protected":false},"excerpt":{"rendered":"<p>Predmet pitanja: Okru\u017eno vije\u0107e odlu\u010dilo je 25. rujna 2020. da \u0107e Akademija za zdravlje i skrb izgraditi vlastitu lokaciju u Gelnhausenu u obrazovnoj zgradi obrazovnih partnera Main-Kinziga.<\/p>","protected":false},"author":-1,"featured_media":0,"comment_status":"open","ping_status":"open","sticky":false,"template":"","format":"standard","meta":{"footnotes":""},"categories":[9],"tags":[],"class_list":["post-484","post","type-post","status-publish","format-standard","hentry","category-antraege-und-anfragen"],"_links":{"self":[{"href":"https:\/\/www.gruene-mkk.de\/hr\/wp-json\/wp\/v2\/posts\/484","targetHints":{"allow":["GET"]}}],"collection":[{"href":"https:\/\/www.gruene-mkk.de\/hr\/wp-json\/wp\/v2\/posts"}],"about":[{"href":"https:\/\/www.gruene-mkk.de\/hr\/wp-json\/wp\/v2\/types\/post"}],"author":[{"embeddable":true,"href":"https:\/\/www.gruene-mkk.de\/hr\/wp-json\/wp\/v2\/users\/2"}],"replies":[{"embeddable":true,"href":"https:\/\/www.gruene-mkk.de\/hr\/wp-json\/wp\/v2\/comments?post=484"}],"version-history":[{"count":1,"href":"https:\/\/www.gruene-mkk.de\/hr\/wp-json\/wp\/v2\/posts\/484\/revisions"}],"predecessor-version":[{"id":485,"href":"https:\/\/www.gruene-mkk.de\/hr\/wp-json\/wp\/v2\/posts\/484\/revisions\/485"}],"wp:attachment":[{"href":"https:\/\/www.gruene-mkk.de\/hr\/wp-json\/wp\/v2\/media?parent=484"}],"wp:term":[{"taxonomy":"category","embeddable":true,"href":"https:\/\/www.gruene-mkk.de\/hr\/wp-json\/wp\/v2\/categories?post=484"},{"taxonomy":"post_tag","embeddable":true,"href":"https:\/\/www.gruene-mkk.de\/hr\/wp-json\/wp\/v2\/tags?post=484"}],"curies":[{"name":"wp","href":"https:\/\/api.w.org\/{rel}","templated":true}]}}