{"id":481,"date":"2021-06-06T13:30:00","date_gmt":"2021-06-06T11:30:00","guid":{"rendered":"https:\/\/www.alles-bleibt-anders.org\/?p=481"},"modified":"2021-11-24T13:33:12","modified_gmt":"2021-11-24T12:33:12","slug":"anfrage-zum-schulentwicklungsplan","status":"publish","type":"post","link":"https:\/\/www.gruene-mkk.de\/hr\/anfrage-zum-schulentwicklungsplan\/","title":{"rendered":"Upit o planu razvoja \u0161kole"},"content":{"rendered":"<p><strong>Predmet pitanja:<\/strong><\/p>\n\n\n\n<p>Na \u010detvrtoj sjednici okruga. U prosincu 2020. nije donesen plan razvoja \u0161kola, ali je upu\u0107en Odboru za obrazovanje na daljnje savjetovanje. Mo\u017ee se pretpostaviti da \u0107e du\u017enik tamo predstaviti novi nacrt.<\/p>\n\n\n\n<p><strong>Pitanja:<\/strong><\/p>\n\n\n\n<p>1. Koja su pobolj\u0161anja\/promjene plana razvoja \u0161kole od tada napravljene?<\/p>\n\n\n\n<p>Odjeljak tablice s brojevima u\u010denika i prognozama pojedina\u010dnih \u0161kola kao prilog planu razvoja \u0161kole revidiran je, kako je navedeno u BKSP-u 25. studenoga 2020.<\/p>\n\n\n\n<p>Postojat \u0107e prijedlog za rje\u0161enje situacije u srednjoj \u0161koli u Westkreisu.<br>&nbsp;<\/p>\n\n\n\n<p>2. Kada je vjerojatno da \u0107e du\u017enik mo\u0107i podnijeti svoj novi nacrt Odboru za obrazovanje?<\/p>\n\n\n\n<p>Kako stvari stoje, o\u010dekuje se da \u0107e BKSP biti osnovan 29. lipnja 2021.<\/p>\n\n\n\n<p>Dopunjeni plan razvoja \u0161kole dostavit \u0107e se BKSP-u \u0161to je prije mogu\u0107e nakon savjetovanja u \u0161kolskom povjerenstvu.<\/p>","protected":false},"excerpt":{"rendered":"<p>Predmet pitanja: Na \u010detvrtoj sjednici okruga. U prosincu 2020. nije donesen plan razvoja \u0161kola, ali je upu\u0107en Odboru za obrazovanje na daljnje savjetovanje. Mo\u017ee se pretpostaviti da je krivac [...]<\/p>","protected":false},"author":-1,"featured_media":0,"comment_status":"open","ping_status":"open","sticky":false,"template":"","format":"standard","meta":{"footnotes":""},"categories":[9],"tags":[],"class_list":["post-481","post","type-post","status-publish","format-standard","hentry","category-antraege-und-anfragen"],"_links":{"self":[{"href":"https:\/\/www.gruene-mkk.de\/hr\/wp-json\/wp\/v2\/posts\/481","targetHints":{"allow":["GET"]}}],"collection":[{"href":"https:\/\/www.gruene-mkk.de\/hr\/wp-json\/wp\/v2\/posts"}],"about":[{"href":"https:\/\/www.gruene-mkk.de\/hr\/wp-json\/wp\/v2\/types\/post"}],"author":[{"embeddable":true,"href":"https:\/\/www.gruene-mkk.de\/hr\/wp-json\/wp\/v2\/users\/2"}],"replies":[{"embeddable":true,"href":"https:\/\/www.gruene-mkk.de\/hr\/wp-json\/wp\/v2\/comments?post=481"}],"version-history":[{"count":1,"href":"https:\/\/www.gruene-mkk.de\/hr\/wp-json\/wp\/v2\/posts\/481\/revisions"}],"predecessor-version":[{"id":483,"href":"https:\/\/www.gruene-mkk.de\/hr\/wp-json\/wp\/v2\/posts\/481\/revisions\/483"}],"wp:attachment":[{"href":"https:\/\/www.gruene-mkk.de\/hr\/wp-json\/wp\/v2\/media?parent=481"}],"wp:term":[{"taxonomy":"category","embeddable":true,"href":"https:\/\/www.gruene-mkk.de\/hr\/wp-json\/wp\/v2\/categories?post=481"},{"taxonomy":"post_tag","embeddable":true,"href":"https:\/\/www.gruene-mkk.de\/hr\/wp-json\/wp\/v2\/tags?post=481"}],"curies":[{"name":"wp","href":"https:\/\/api.w.org\/{rel}","templated":true}]}}