{"id":473,"date":"2021-06-09T17:38:00","date_gmt":"2021-06-09T15:38:00","guid":{"rendered":"https:\/\/www.alles-bleibt-anders.org\/?p=473"},"modified":"2021-11-23T17:42:25","modified_gmt":"2021-11-23T16:42:25","slug":"anfrage-co2-bilanz-des-main-kinzig-kreises","status":"publish","type":"post","link":"https:\/\/www.gruene-mkk.de\/hr\/anfrage-co2-bilanz-des-main-kinzig-kreises\/","title":{"rendered":"Upit: Bilanca CO2 regije Main-Kinzig-Kreis"},"content":{"rendered":"<p><strong>Predmet pitanja:<\/strong><\/p>\n\n\n\n<p>Main-Kinzig-Kreis djeluje 13. studenoga 2017. u okviru inicijative \u201eHessen Aktiv: Klimatske op\u0107ine\u201d. Dvadeset godina ranije, 1997. godine, okrug Main-Kinzig postao je \u010dlan Klimatskog saveza. Na taj se na\u010din krug obvezao smanjiti svoje emisije CO2 za deset posto svakih pet godina.<\/p>\n\n\n\n<p><strong>Parlamentarna skupina B\u00fcndnis 90\/Die Gr\u00fcnen (Savez 90\/Zeleni) tra\u017ei odgovore&nbsp;<\/strong><strong>sljede\u0107a pitanja:&nbsp;&nbsp;&nbsp;&nbsp;&nbsp;&nbsp;&nbsp;&nbsp;&nbsp;&nbsp;&nbsp;&nbsp;&nbsp;&nbsp;&nbsp;&nbsp;&nbsp;&nbsp;&nbsp;&nbsp;&nbsp;&nbsp;&nbsp;&nbsp;&nbsp;&nbsp;&nbsp;&nbsp;&nbsp;&nbsp;&nbsp;&nbsp;&nbsp;&nbsp;&nbsp;&nbsp;&nbsp;&nbsp;&nbsp;<\/strong><\/p>\n\n\n\n<p>1. Je li Main-Kinzig-Kreis proizveo uglji\u010dni otisak 24 godine nakon pristupanja Klimatskom savezu?<\/p>\n\n\n\n<p>Odgovor: Ne, ne.<\/p>\n\n\n\n<p>2. Ako je odgovor potvrdan, koje su emisije CO2 iz kruga?<\/p>\n\n\n\n<p>Odgovor: Nije primjenjivo \u2013 vidjeti 1.<\/p>\n\n\n\n<p>3. Ako ne, za\u0161to jo\u0161 nije stvoren uglji\u010dni otisak?<\/p>\n\n\n\n<p>Odgovor: U Main-Kinzig-Kreisu trenuta\u010dno nema mjesta za upravljanje za\u0161titom klime.<br>Naglasak je trenuta\u010dno na kontroli energije i upravljanju energijom vlastitih nekretnina okruga, kao i na mjerama za za\u0161titu klime u obliku energetske obnove, obnove rasvjete i mjera za prilagodbu klimatskim promjenama.<\/p>\n\n\n\n<p>4. Ako ne, je li planirano stvaranje uglji\u010dnog otiska?<\/p>\n\n\n\n<p>Odgovor: Da, radimo na stvaranju.<\/p>","protected":false},"excerpt":{"rendered":"<p>Predmet pitanja: Main-Kinzig-Kreis djeluje 13. studenoga 2017. u okviru inicijative \u201eHessen Aktiv: Klimatske op\u0107ine\u201d. Dvadeset godina ranije, 1997. godine, okrug Main-Kinzig postao je \u010dlan Klimatskog saveza. U svrhu [...]<\/p>","protected":false},"author":-1,"featured_media":0,"comment_status":"open","ping_status":"open","sticky":false,"template":"","format":"standard","meta":{"footnotes":""},"categories":[9],"tags":[],"class_list":["post-473","post","type-post","status-publish","format-standard","hentry","category-antraege-und-anfragen"],"_links":{"self":[{"href":"https:\/\/www.gruene-mkk.de\/hr\/wp-json\/wp\/v2\/posts\/473","targetHints":{"allow":["GET"]}}],"collection":[{"href":"https:\/\/www.gruene-mkk.de\/hr\/wp-json\/wp\/v2\/posts"}],"about":[{"href":"https:\/\/www.gruene-mkk.de\/hr\/wp-json\/wp\/v2\/types\/post"}],"author":[{"embeddable":true,"href":"https:\/\/www.gruene-mkk.de\/hr\/wp-json\/wp\/v2\/users\/2"}],"replies":[{"embeddable":true,"href":"https:\/\/www.gruene-mkk.de\/hr\/wp-json\/wp\/v2\/comments?post=473"}],"version-history":[{"count":1,"href":"https:\/\/www.gruene-mkk.de\/hr\/wp-json\/wp\/v2\/posts\/473\/revisions"}],"predecessor-version":[{"id":475,"href":"https:\/\/www.gruene-mkk.de\/hr\/wp-json\/wp\/v2\/posts\/473\/revisions\/475"}],"wp:attachment":[{"href":"https:\/\/www.gruene-mkk.de\/hr\/wp-json\/wp\/v2\/media?parent=473"}],"wp:term":[{"taxonomy":"category","embeddable":true,"href":"https:\/\/www.gruene-mkk.de\/hr\/wp-json\/wp\/v2\/categories?post=473"},{"taxonomy":"post_tag","embeddable":true,"href":"https:\/\/www.gruene-mkk.de\/hr\/wp-json\/wp\/v2\/tags?post=473"}],"curies":[{"name":"wp","href":"https:\/\/api.w.org\/{rel}","templated":true}]}}