{"id":46,"date":"2021-06-10T10:00:00","date_gmt":"2021-06-10T08:00:00","guid":{"rendered":"https:\/\/www.alles-bleibt-anders.org\/?p=46"},"modified":"2021-11-09T14:15:04","modified_gmt":"2021-11-09T13:15:04","slug":"gruene-fraktion-waehlt-abgeordnete-in-die-fachausschuesse","status":"publish","type":"post","link":"https:\/\/www.gruene-mkk.de\/hr\/gruene-fraktion-waehlt-abgeordnete-in-die-fachausschuesse\/","title":{"rendered":"Klub zastupnika Zelenih bira zastupnike u specijalizirane odbore"},"content":{"rendered":"<p><em>Zakonodavni saziv s velikim izazovima \/ \u201eIntenzivno promi\u0161ljanje o pitanjima\u201d<\/em><\/p>\n\n\n\n<p>\"Zahvaljuju\u0107i na\u0161im sna\u017enim izbornim rezultatima, mo\u017eemo popuniti specijalizirane odbore okru\u017enog vije\u0107a s po dva zamjenika\", ka\u017ee Reiner Bousonville, Viola Ha\u00dfdenteufel i Jakob M\u00e4hler, \u010dlan odbora Zelene parlamentarne skupine u okru\u017enom vije\u0107u: \u201eRad u odborima omogu\u0107uje rasvjetljavanje razli\u010ditih tema ili tra\u017eenje stru\u010dnog savjeta. Time se omogu\u0107uje mnogo intenzivnije i sveobuhvatnije rje\u0161avanje tema kako bi se postigao najbolji mogu\u0107i rezultat.\u201d<\/p>\n\n\n\n<!--more-->\n\n\n\n<p>Pred zastupnicima u Europskom parlamentu u sada\u0161njem sazivu predstoje brojni izazovi: \u201eRad u odborima ovdje \u0107e biti vrlo va\u017ean, zbog \u010dega nam je drago \u0161to smo zastupljeni s dvostruko ve\u0107im brojem zastupnika nego u prethodnom parlamentarnom sazivu\u201d, izjavilo je Predsjedni\u0161tvo Kluba zastupnika.<\/p>\n\n\n\n<p>U glavnom i financijskom odboru, predsjednik skupine Reiner Bousonville, u isto vrijeme glasnogovornik financijske politike, kao i biv\u0161i zamjenik okruga Matthias Zach predstavljaju Zelene. \u201eOvdje su na\u0161i izazovi, prije svega, u nadolaze\u0107em financijskom optere\u0107enju uzrokovanom pandemijom koronavirusa\u201d, rekao je Bousonville. \u201eNo kru\u017enost Hanaua tako\u0111er \u0107e biti va\u017eno pitanje u na\u0161em radu.\u201d<\/p>\n\n\n\n<p>\u201eU podru\u010dju obrazovanja moramo biti spremni za budu\u0107nost\u201d, rekao je Jakob M\u00e4hler, potpredsjednik i glasnogovornik za obrazovnu politiku: \"Rasprava o planu razvoja \u0161kola posebno je pokazala da politi\u010dki \u010delnici jo\u0161 nemaju koncept kako se nositi s predstoje\u0107im izazovima\", rekao je M\u00e4hler, koji sjedi zajedno s Mahwishom Iftikharom u Odboru za obrazovanje, kulturu, sport i partnerstva. \u201eNastavit \u0107emo raditi na planu odr\u017eivog razvoja \u0161kola.\u201d<\/p>\n\n\n\n<p>U Odboru za gospodarska pitanja, energetiku, promet, okoli\u0161 i poljoprivredu Celine Bousonville i Rainer Vogel predstavljaju Zelene: \"Okoli\u0161 \u0107e biti klju\u010dno pitanje u nadolaze\u0107im godinama\", rekla je Bousonville, glasnogovornica za okoli\u0161 u okru\u017enoj parlamentarnoj skupini: \u201eVa\u017eno je ovdje provesti va\u017ena pitanja, bilo da je rije\u010d o regiji ekolo\u0161kog modela ili stalnoj i sve \u0161iroj za\u0161titi klime u upravi i okrugu.\u201d<\/p>\n\n\n\n<p>\"Posebno u vrijeme koronavirusa postalo je jasno koliko je va\u017ean dobar rad u socijalnom podru\u010dju\", ka\u017ee Viola Ha\u00dfdenteufel, potpredsjednica parlamentarnog kluba i glasnogovornica za socijalnu politiku u parlamentarnom klubu Zelenih. Zajedno s Mahwishom Iftikharom \u017eeli staviti va\u017ene naglaske u Odbor za socijalna pitanja, obiteljska pitanja, starije osobe i demografiju: \u201eTo su podru\u010dja koja su ozbiljno pogo\u0111ena pandemijom koronavirusa. Ovdje smo suo\u010deni s hitnim pitanjima na koja treba odgovoriti.\u201d<\/p>\n\n\n\n<p>Upiti za:<\/p>\n\n\n\n<p>Jakob M\u00e4hler<br>Ravnatelj\/direktorica skupine<br>Savez 90 \/ Zeleni Main-Kinzig<\/p>\n\n\n\n<p>06181\/61596<br>0176\/46763336<\/p>\n\n\n\n<p>fraktion@gruene-mkk.de<\/p>","protected":false},"excerpt":{"rendered":"<p>\"Zahvaljuju\u0107i na\u0161im sna\u017enim izbornim rezultatima, mo\u017eemo popuniti specijalizirane odbore okru\u017enog vije\u0107a s po dva zamjenika\", sa zadovoljstvom [...]<\/p>","protected":false},"author":-1,"featured_media":0,"comment_status":"open","ping_status":"open","sticky":false,"template":"","format":"standard","meta":{"footnotes":""},"categories":[2],"tags":[],"class_list":["post-46","post","type-post","status-publish","format-standard","hentry","category-newskreistagsfraktion"],"_links":{"self":[{"href":"https:\/\/www.gruene-mkk.de\/hr\/wp-json\/wp\/v2\/posts\/46","targetHints":{"allow":["GET"]}}],"collection":[{"href":"https:\/\/www.gruene-mkk.de\/hr\/wp-json\/wp\/v2\/posts"}],"about":[{"href":"https:\/\/www.gruene-mkk.de\/hr\/wp-json\/wp\/v2\/types\/post"}],"author":[{"embeddable":true,"href":"https:\/\/www.gruene-mkk.de\/hr\/wp-json\/wp\/v2\/users\/2"}],"replies":[{"embeddable":true,"href":"https:\/\/www.gruene-mkk.de\/hr\/wp-json\/wp\/v2\/comments?post=46"}],"version-history":[{"count":1,"href":"https:\/\/www.gruene-mkk.de\/hr\/wp-json\/wp\/v2\/posts\/46\/revisions"}],"predecessor-version":[{"id":47,"href":"https:\/\/www.gruene-mkk.de\/hr\/wp-json\/wp\/v2\/posts\/46\/revisions\/47"}],"wp:attachment":[{"href":"https:\/\/www.gruene-mkk.de\/hr\/wp-json\/wp\/v2\/media?parent=46"}],"wp:term":[{"taxonomy":"category","embeddable":true,"href":"https:\/\/www.gruene-mkk.de\/hr\/wp-json\/wp\/v2\/categories?post=46"},{"taxonomy":"post_tag","embeddable":true,"href":"https:\/\/www.gruene-mkk.de\/hr\/wp-json\/wp\/v2\/tags?post=46"}],"curies":[{"name":"wp","href":"https:\/\/api.w.org\/{rel}","templated":true}]}}