{"id":3343,"date":"2026-03-16T13:16:38","date_gmt":"2026-03-16T12:16:38","guid":{"rendered":"https:\/\/www.gruene-mkk.de\/?p=3343"},"modified":"2026-03-16T13:17:11","modified_gmt":"2026-03-16T12:17:11","slug":"kommunalwahl-gruene-im-main-kinzig-kreis-zufrieden-starke-ergebnisse-fuer-neue-ortsverbaende-in-brachttal-und-jossgrund","status":"publish","type":"post","link":"https:\/\/www.gruene-mkk.de\/hr\/kommunalwahl-gruene-im-main-kinzig-kreis-zufrieden-starke-ergebnisse-fuer-neue-ortsverbaende-in-brachttal-und-jossgrund\/","title":{"rendered":"Lokalni izbori: Zeleni u okrugu Main-Kinzig zadovoljni - sna\u017eni rezultati za nove lokalne udruge u Brachttalu i Jossgrundu"},"content":{"rendered":"<p>Preliminarni rezultati lokalnih izbora odr\u017eanih 15. o\u017eujka 2026. pokazuju da B\u00fcndnis 90\/Die Gr\u00fcnen u okrugu Main-Kinzig proizlazi iz izbora s \u010dvrstim rezultatom. Posebno je zadovoljna izvedba novoosnovanih lokalnih udruga u Brachttalu i Jossgrundu pro\u0161le godine.<\/p>\n\n\n\n<p>Obje lokalne udruge prvi su put sudjelovale na lokalnim izborima i svojim su stajali\u0161tem uspjele posti\u0107i znatan rezultat. Time se nagla\u0161ava sve ve\u0107i interes za zelene politike u ruralnim podru\u010djima, kao i uspje\u0161an razvojni rad predanih lokalnih \u010dlanova.<\/p>\n\n\n\n<p>\"\u010cinjenica da su na\u0161a nova lokalna udru\u017eenja u Brachttalu i Jossgrundu uspjela posti\u0107i tako dobar rezultat izravno na prvim izborima sna\u017ean je signal\", obja\u0161njava Philip Schinkel, glasnogovornik GR\u00dcNEN Main-Kinziga. \u201eMnogi gra\u0111ani \u017eele politike kojima se kombiniraju djelovanje u podru\u010dju klime, kvaliteta \u017eivota i odr\u017eivi razvoj, \u010dak i u manjim zajednicama.\u201d<\/p>\n\n\n\n<p>\"Iskreno zahvaljujemo svim glasa\u010dima na povjerenju\", ka\u017ee Mahwish Iftikhar, \u010delnik Zelenih u okrugu Main-Kinzig. \u201eRezultat je poticaj za nas da nastavimo naporno raditi na dosljednoj za\u0161titi klime, \u017eivim zajednicama i odr\u017eivom razvoju u okrugu Main-Kinzig. Na\u0161 je cilj i dalje politika koja preuzima odgovornost za okoli\u0161 i istodobno osigurava pravedne mogu\u0107nosti, sudjelovanje i dobre \u017eivotne uvjete za sve ljude u okrugu Main-Kinzig.<\/p>\n\n\n\n<p>Kona\u010dni slu\u017ebeni rezultati popisa jo\u0161 su u tijeku. B\u00fcndnis 90\/Die Gr\u00fcnen Main-Kinzig pa\u017eljivo \u0107e ih ocijeniti i zajedno s novoizabranim predstavnicima pripremiti sljede\u0107e korake za lokalni politi\u010dki rad u nadolaze\u0107im godinama.<\/p>","protected":false},"excerpt":{"rendered":"<p>Preliminarni rezultati lokalnih izbora odr\u017eanih 15. o\u017eujka 2026. pokazuju da B\u00fcndnis 90\/Die Gr\u00fcnen u okrugu Main-Kinzig proizlazi iz izbora s \u010dvrstim rezultatom. Posebno je ugodna izvedba [\u2026]<\/p>","protected":false},"author":-1,"featured_media":0,"comment_status":"closed","ping_status":"open","sticky":true,"template":"","format":"standard","meta":{"footnotes":""},"categories":[1],"tags":[],"class_list":["post-3343","post","type-post","status-publish","format-standard","hentry","category-allgemein"],"_links":{"self":[{"href":"https:\/\/www.gruene-mkk.de\/hr\/wp-json\/wp\/v2\/posts\/3343","targetHints":{"allow":["GET"]}}],"collection":[{"href":"https:\/\/www.gruene-mkk.de\/hr\/wp-json\/wp\/v2\/posts"}],"about":[{"href":"https:\/\/www.gruene-mkk.de\/hr\/wp-json\/wp\/v2\/types\/post"}],"author":[{"embeddable":true,"href":"https:\/\/www.gruene-mkk.de\/hr\/wp-json\/wp\/v2\/users\/2"}],"replies":[{"embeddable":true,"href":"https:\/\/www.gruene-mkk.de\/hr\/wp-json\/wp\/v2\/comments?post=3343"}],"version-history":[{"count":1,"href":"https:\/\/www.gruene-mkk.de\/hr\/wp-json\/wp\/v2\/posts\/3343\/revisions"}],"predecessor-version":[{"id":3344,"href":"https:\/\/www.gruene-mkk.de\/hr\/wp-json\/wp\/v2\/posts\/3343\/revisions\/3344"}],"wp:attachment":[{"href":"https:\/\/www.gruene-mkk.de\/hr\/wp-json\/wp\/v2\/media?parent=3343"}],"wp:term":[{"taxonomy":"category","embeddable":true,"href":"https:\/\/www.gruene-mkk.de\/hr\/wp-json\/wp\/v2\/categories?post=3343"},{"taxonomy":"post_tag","embeddable":true,"href":"https:\/\/www.gruene-mkk.de\/hr\/wp-json\/wp\/v2\/tags?post=3343"}],"curies":[{"name":"wp","href":"https:\/\/api.w.org\/{rel}","templated":true}]}}