{"id":3338,"date":"2026-03-11T11:25:47","date_gmt":"2026-03-11T10:25:47","guid":{"rendered":"https:\/\/www.gruene-mkk.de\/?p=3338"},"modified":"2026-03-11T11:26:09","modified_gmt":"2026-03-11T10:26:09","slug":"mehr-schutz-fuer-frauen-gruene-podiumsdiskussion-mit-omid-nouripour-in-hanau","status":"publish","type":"post","link":"https:\/\/www.gruene-mkk.de\/hr\/mehr-schutz-fuer-frauen-gruene-podiumsdiskussion-mit-omid-nouripour-in-hanau\/","title":{"rendered":"Vi\u0161e za\u0161tite za \u017eene - GREEN panel s Omid Nouripourom u Hanauu"},"content":{"rendered":"<p>U subotu nave\u010der 7. o\u017eujka 2026. vi\u0161e od 60 zainteresiranih strana prihvatilo je poziv B\u00fcndnisa 90\/Die Gr\u00fcnen u okrugu Main-Kinzig i u Hanauu na okruglu raspravu pod nazivom \u201eZa\u0161tita \u017eena \u2013 djelovanje na lokalnoj razini, globalno razmi\u0161ljanje\u201d. Zajedno s hesijskim \u010dlanom Bundestaga Omidom Nouripourom, kandidatom za gradona\u010delnika Hanau Sascha Feldesa, glavnim kandidatom za okru\u017ene izbore Mahwishom Iftikharom te Leom Kircher i Brigitte Machnitzke iz Frauenhaus W\u00e4chtersbach, sudionici su raspravljali o strategijama za u\u010dinkovitu borbu protiv nasilja nad \u017eenama i pobolj\u0161anje skloni\u0161ta.<\/p>\n\n\n\n<p>Naglasak je bio na goru\u0107im izazovima: birokratske prepreke u ponovnoj registraciji, dje\u010djim doplatcima ili aplikacijama za gra\u0111anske doplatke, nedostatak dostupnosti stanovanja i \u010desto predug boravak u postoje\u0107im skloni\u0161tima za \u017eene. Osobito u ruralnim podru\u010djima, kao \u0161to je W\u00e4chtersbach, nedostatak infrastrukture i ograni\u010den javni prijevoz ote\u017eavaju pristup za\u0161titi.<\/p>\n\n\n\n<p>Omid Nouripour naglasio je da nasilje nad \u017eenama ne treba shva\u0107ati kao \u201e\u017eenski problem\u201d, ve\u0107 kao odgovornost za dru\u0161tvo u cjelini. Pozvao je i mu\u0161karce i dru\u0161tvo u cjelini da ravnopravnost ne vide isklju\u010divo kao pitanje \u017eena, te se osvrnuo na me\u0111unarodne uzore kao \u0161to je \u0161trajk \u017eena na Islandu.<\/p>\n\n\n\n<p>Sascha Feldes istaknula je va\u017enost obrazovanja, prevencije i izravnih kontakata za skloni\u0161ta za \u017eene u op\u0107inama kako bi se bolje za\u0161titile \u017eene. Mahwish Iftikhar istaknuo je va\u017enost ozbiljnog shva\u0107anja za\u0161tite \u017eena te se usredoto\u010dio i na materijalna pitanja kao \u0161to su stanovanje i osiguravanje financijskih sredstava za skloni\u0161ta za \u017eene.<\/p>\n\n\n\n<p>Predstavnice \u017eenskog skloni\u0161ta W\u00e4chtersbach jasno su istaknule da je obiteljsko nasilje problem za dru\u0161tvo u cjelini, koji prolazi kroz sve dru\u0161tvene slojeve, te su istaknule da je pogo\u0111en i velik broj djece. Ravnopravnost \u017eena i mu\u0161karaca mora se i dalje dosljedno provoditi. Potpuno financirano skloni\u0161te za \u017eene klju\u010dan je korak u osiguravanju za\u0161tite i sigurnosti za sve.<\/p>\n\n\n\n<p>Rasprava je jasno pokazala: Kako bi se unaprijedila ravnopravnost i sigurnost \u017eena, politika, dru\u0161tvo i uprava moraju sura\u0111ivati, podizati svijest i uklanjati strukturne prepreke. Uz jasne politike, strukturnu potporu i podizanje svijesti, GREEN Main-Kinzig i Hanau \u017eele dodatno oja\u010dati za\u0161titu \u017eena \u2013 za sigurnu budu\u0107nost za sve na terenu.<\/p>","protected":false},"excerpt":{"rendered":"<p>U subotu nave\u010der 7. o\u017eujka 2026. vi\u0161e od 60 zainteresiranih strana prihvatilo je poziv B\u00fcndnis 90\/Die Gr\u00fcnen u Main-Kinzig-Kreisu i u Hanauu na panel raspravu pod nazivom \u201eZa\u0161tita \u017eena \u2013 [\u2026]<\/p>","protected":false},"author":-1,"featured_media":3339,"comment_status":"closed","ping_status":"open","sticky":true,"template":"","format":"standard","meta":{"footnotes":""},"categories":[1],"tags":[],"class_list":["post-3338","post","type-post","status-publish","format-standard","has-post-thumbnail","hentry","category-allgemein"],"_links":{"self":[{"href":"https:\/\/www.gruene-mkk.de\/hr\/wp-json\/wp\/v2\/posts\/3338","targetHints":{"allow":["GET"]}}],"collection":[{"href":"https:\/\/www.gruene-mkk.de\/hr\/wp-json\/wp\/v2\/posts"}],"about":[{"href":"https:\/\/www.gruene-mkk.de\/hr\/wp-json\/wp\/v2\/types\/post"}],"author":[{"embeddable":true,"href":"https:\/\/www.gruene-mkk.de\/hr\/wp-json\/wp\/v2\/users\/2"}],"replies":[{"embeddable":true,"href":"https:\/\/www.gruene-mkk.de\/hr\/wp-json\/wp\/v2\/comments?post=3338"}],"version-history":[{"count":1,"href":"https:\/\/www.gruene-mkk.de\/hr\/wp-json\/wp\/v2\/posts\/3338\/revisions"}],"predecessor-version":[{"id":3340,"href":"https:\/\/www.gruene-mkk.de\/hr\/wp-json\/wp\/v2\/posts\/3338\/revisions\/3340"}],"wp:featuredmedia":[{"embeddable":true,"href":"https:\/\/www.gruene-mkk.de\/hr\/wp-json\/wp\/v2\/media\/3339"}],"wp:attachment":[{"href":"https:\/\/www.gruene-mkk.de\/hr\/wp-json\/wp\/v2\/media?parent=3338"}],"wp:term":[{"taxonomy":"category","embeddable":true,"href":"https:\/\/www.gruene-mkk.de\/hr\/wp-json\/wp\/v2\/categories?post=3338"},{"taxonomy":"post_tag","embeddable":true,"href":"https:\/\/www.gruene-mkk.de\/hr\/wp-json\/wp\/v2\/tags?post=3338"}],"curies":[{"name":"wp","href":"https:\/\/api.w.org\/{rel}","templated":true}]}}