{"id":2582,"date":"2025-01-08T15:14:57","date_gmt":"2025-01-08T14:14:57","guid":{"rendered":"https:\/\/www.gruene-mkk.de\/?p=2582"},"modified":"2025-01-08T15:14:59","modified_gmt":"2025-01-08T14:14:59","slug":"waehl-liebe-kampagne-fuer-vielfalt-und-demokratie","status":"publish","type":"post","link":"https:\/\/www.gruene-mkk.de\/hr\/waehl-liebe-kampagne-fuer-vielfalt-und-demokratie\/","title":{"rendered":"Odaberite ljubav: Kampanja za raznolikost i demokraciju"},"content":{"rendered":"<p>Queer* Main-Kinzig e.V. prvi je potpisnik koji je podr\u017eao nacionalnu kampanju \u201eGlas za ljubav\u201d pokreta CSD-ova uo\u010di izbora u Bundestagu. Cilj je podi\u0107i svijest bira\u010da o pravima queer zajednice i oja\u010dati demokratske stranke koje zagovaraju raznolikost, toleranciju i jednakost.<\/p>\n\n\n\n<p>Zastupljeni smo s kabinom i pozivamo vas da postanete dio ove va\u017ene akcije. Molimo Vas da se prijavite za uslugu \u0161tanda koriste\u0107i sljede\u0107i obrazac: <a href=\"https:\/\/termite.gruene.de\/invite\/ge50ndxS0Yr7\">https:\/\/termite.gruene.de\/invite\/ge50ndxS0Yr7<\/a><\/p>","protected":false},"excerpt":{"rendered":"<p>Queer* Main-Kinzig e.V. prvi je potpisnik koji je podr\u017eao nacionalnu kampanju \u201eGlas za ljubav\u201d pokreta CSD-ova uo\u010di izbora u Bundestagu. Cilj je osvijestiti bira\u010de o pravima queer zajednice [...]<\/p>","protected":false},"author":-1,"featured_media":0,"comment_status":"closed","ping_status":"open","sticky":false,"template":"","format":"standard","meta":{"footnotes":""},"categories":[1],"tags":[],"class_list":["post-2582","post","type-post","status-publish","format-standard","hentry","category-allgemein"],"_links":{"self":[{"href":"https:\/\/www.gruene-mkk.de\/hr\/wp-json\/wp\/v2\/posts\/2582","targetHints":{"allow":["GET"]}}],"collection":[{"href":"https:\/\/www.gruene-mkk.de\/hr\/wp-json\/wp\/v2\/posts"}],"about":[{"href":"https:\/\/www.gruene-mkk.de\/hr\/wp-json\/wp\/v2\/types\/post"}],"author":[{"embeddable":true,"href":"https:\/\/www.gruene-mkk.de\/hr\/wp-json\/wp\/v2\/users\/2"}],"replies":[{"embeddable":true,"href":"https:\/\/www.gruene-mkk.de\/hr\/wp-json\/wp\/v2\/comments?post=2582"}],"version-history":[{"count":1,"href":"https:\/\/www.gruene-mkk.de\/hr\/wp-json\/wp\/v2\/posts\/2582\/revisions"}],"predecessor-version":[{"id":2583,"href":"https:\/\/www.gruene-mkk.de\/hr\/wp-json\/wp\/v2\/posts\/2582\/revisions\/2583"}],"wp:attachment":[{"href":"https:\/\/www.gruene-mkk.de\/hr\/wp-json\/wp\/v2\/media?parent=2582"}],"wp:term":[{"taxonomy":"category","embeddable":true,"href":"https:\/\/www.gruene-mkk.de\/hr\/wp-json\/wp\/v2\/categories?post=2582"},{"taxonomy":"post_tag","embeddable":true,"href":"https:\/\/www.gruene-mkk.de\/hr\/wp-json\/wp\/v2\/tags?post=2582"}],"curies":[{"name":"wp","href":"https:\/\/api.w.org\/{rel}","templated":true}]}}