{"id":2376,"date":"2024-09-20T11:53:45","date_gmt":"2024-09-20T09:53:45","guid":{"rendered":"https:\/\/www.gruene-mkk.de\/?p=2376"},"modified":"2024-09-20T11:53:57","modified_gmt":"2024-09-20T09:53:57","slug":"gruene-im-main-kinzig-kreis-nominieren-direktkandidatinnen-fuer-die-bundestagswahl-2025","status":"publish","type":"post","link":"https:\/\/www.gruene-mkk.de\/hr\/gruene-im-main-kinzig-kreis-nominieren-direktkandidatinnen-fuer-die-bundestagswahl-2025\/","title":{"rendered":"Zeleni u okrugu Main-Kinzig predla\u017eu izravne kandidate za savezne izbore 2025."},"content":{"rendered":"<p>Na op\u0107oj skup\u0161tini odr\u017eanoj 19. rujna 2024. B\u00dcNDNIS 90\/DIE GR\u00dcNEN predlo\u017eio je izravne kandidate za izbore za Bundestag 2025. u okru\u017enoj udruzi Main-Kinzig. Philip Schinkel \u0107e se kandidirati u izbornoj jedinici 174 (Main-Kinzig \u2013 Wetterau II \u2013 Schotten), a Mahwish Iftikhar u izbornoj jedinici 179 (Hanau).<\/p>\n\n\n\n<p>Philip Schinkel, koji je ve\u0107 dugi niz godina predani predstavnik zelene politike u regiji, me\u0111u ostalim kao \u010dlan odbora lokalne udruge Bad Orb i okru\u017ene udruge Main-Kinzig, zahvalan je na povjerenju koje mu je ukazano: \u201eVelika mi je \u010dast kandidirati se kao izravni kandidat za izbornu jedinicu 174. Izazovi na\u0161eg vremena golemi su i radujem se suradnji s gra\u0111anima na pronala\u017eenju rje\u0161enja za oblikovanje odr\u017eive i pravedne budu\u0107nosti.<\/p>\n\n\n\n<p>Mahwish Iftikhar, koja je tako\u0111er strastvena u promicanju zelenih pitanja, posebno kao glasnogovornica politike raznolikosti za zelenu mlade\u017e Hessena i kao zastupnica u okru\u017enom parlamentu, vidi njezinu kandidaturu kao va\u017enu priliku da se zala\u017ee za zabrinutost naroda u regiji: \u201eRadujem se predstavljanju gra\u0111ana moje izborne jedinice u njema\u010dkom Bundestagu. Odlu\u010dno, hrabro i s povjerenjem \u017eelim sura\u0111ivati s njima na izgradnji odr\u017eivog dru\u0161tva.\u201d<\/p>\n\n\n\n<p>Izbor izravnih kandidata va\u017ean je korak na putu prema izborima u Bundestagu 2025. U narednim mjesecima Philip Schinkel i Mahwish Iftikhar aktivno \u0107e pristupiti ljudima u okrugu Main-Kinzig i \u0161ire kako bi priop\u0107ili ciljeve Saveza 90\/Zeleni i zapo\u010deli dijalog s gra\u0111anima.<\/p>\n\n\n\n<p>Okru\u017ena udruga Main-Kinzig iz B\u00dcNDNIS 90\/DIE GR\u00dcNEN raduje se predanoj izbornoj kampanji i aktivno \u0107e podupirati svoje kandidate.<\/p>","protected":false},"excerpt":{"rendered":"<p>Na op\u0107oj skup\u0161tini odr\u017eanoj 19. rujna 2024. B\u00dcNDNIS 90\/DIE GR\u00dcNEN predlo\u017eio je izravne kandidate za izbore za Bundestag 2025. u okru\u017enoj udruzi Main-Kinzig. Philip Schinkel pridru\u017euje se izbornoj jedinici 174 (Main-Kinzig - Wetterau [...]<\/p>","protected":false},"author":-1,"featured_media":2377,"comment_status":"closed","ping_status":"open","sticky":true,"template":"","format":"standard","meta":{"footnotes":""},"categories":[1],"tags":[],"class_list":["post-2376","post","type-post","status-publish","format-standard","has-post-thumbnail","hentry","category-allgemein"],"_links":{"self":[{"href":"https:\/\/www.gruene-mkk.de\/hr\/wp-json\/wp\/v2\/posts\/2376","targetHints":{"allow":["GET"]}}],"collection":[{"href":"https:\/\/www.gruene-mkk.de\/hr\/wp-json\/wp\/v2\/posts"}],"about":[{"href":"https:\/\/www.gruene-mkk.de\/hr\/wp-json\/wp\/v2\/types\/post"}],"author":[{"embeddable":true,"href":"https:\/\/www.gruene-mkk.de\/hr\/wp-json\/wp\/v2\/users\/2"}],"replies":[{"embeddable":true,"href":"https:\/\/www.gruene-mkk.de\/hr\/wp-json\/wp\/v2\/comments?post=2376"}],"version-history":[{"count":1,"href":"https:\/\/www.gruene-mkk.de\/hr\/wp-json\/wp\/v2\/posts\/2376\/revisions"}],"predecessor-version":[{"id":2379,"href":"https:\/\/www.gruene-mkk.de\/hr\/wp-json\/wp\/v2\/posts\/2376\/revisions\/2379"}],"wp:featuredmedia":[{"embeddable":true,"href":"https:\/\/www.gruene-mkk.de\/hr\/wp-json\/wp\/v2\/media\/2377"}],"wp:attachment":[{"href":"https:\/\/www.gruene-mkk.de\/hr\/wp-json\/wp\/v2\/media?parent=2376"}],"wp:term":[{"taxonomy":"category","embeddable":true,"href":"https:\/\/www.gruene-mkk.de\/hr\/wp-json\/wp\/v2\/categories?post=2376"},{"taxonomy":"post_tag","embeddable":true,"href":"https:\/\/www.gruene-mkk.de\/hr\/wp-json\/wp\/v2\/tags?post=2376"}],"curies":[{"name":"wp","href":"https:\/\/api.w.org\/{rel}","templated":true}]}}