{"id":228,"date":"2021-10-11T15:28:00","date_gmt":"2021-10-11T13:28:00","guid":{"rendered":"https:\/\/www.alles-bleibt-anders.org\/?p=228"},"modified":"2021-11-12T19:29:55","modified_gmt":"2021-11-12T18:29:55","slug":"gruene-treffen-sich-in-brachttal","status":"publish","type":"post","link":"https:\/\/www.gruene-mkk.de\/hr\/gruene-treffen-sich-in-brachttal\/","title":{"rendered":"Susret Zelenih u Brachttalu"},"content":{"rendered":"<!--more-->\n\n\n\n<p>Pro\u0161log petka Kreisverband B\u00fcndnis 90\/Die Gr\u00fcnen Main-Kinzig (Savez 90\/Zeleni Main-Kinzig) krenuo je u obilazak okruga Schlierbach s, me\u0111u ostalim, Markusom Hofmannom, \u010dlanom Green Landtaga i \u010dlanovima iz Brachttala i okolnih zajednica. Op\u0107ina se posljednjih tjedana obvezala podr\u017eati dr\u017eavnu vladu u razvoju sela, \u0161to su Zeleni iskoristili kao priliku za razmjenu potreba i mogu\u0107nosti za pove\u0107anje privla\u010dnosti mjesta kao \u0161to je Brachttal za stanovnike i posjetitelje.<\/p>\n\n\n\n<p>Sudionici su na po\u010detku posjetili trgovinu \u201eLandGl\u00fcck\u201d u staroj tvornici keramike W\u00e4chtersbach. \u201eOdr\u017eivost je va\u017ean dio koncepta na\u0161e trgovine\u201d, objasnila je Mona Frank, jedna od voditeljica trgovine, u kojoj, osim hrane iz Brachttala, ru\u010dno izra\u0111ene proizvode izravno prodaju proizvo\u0111a\u010di iz cijele Njema\u010dke. Trgovina rabljenom odje\u0107om \u201ePusteblume\u201d tako\u0111er je prona\u0161la mjesto u prostranoj trgovini. \"Kada smo ponovno otvorili trgovinu pod novim imenom u sije\u010dnju, tako\u0111er smo \u017eeljeli uputiti na tvornicu keramike\", nastavio je Frank. \u201eZbog toga smo u na\u0161u trgovinu dodali kolekciju keramike.\u201d<\/p>\n\n\n\n<p>\"Ostale zgrade stare tvornice keramike djelomi\u010dno se koriste kao uredski prostor, a u prostorijama se nalazi i bar\", objasnio je Matthias Dorka, \u010dlan Zelene stranke u Brachttalu. Neka podru\u010dja su neiskori\u0161tena. Daljnja ruta vodila je pored sportskog terena, pje\u0161a\u010dkih staza i dru\u0161tvenog objekta. Na putu, sudionici su nau\u010dili puno o povijesti zajednice od prisutnih Brachttalers. \u010clanovi okolnih zajednica, Biebergem\u00fcnd, W\u00e4chtersbach i Bad Orb, raspravljali su o zajedni\u010dkim izazovima u odr\u017eavanju infrastrukture, kao \u0161to je zdravstvena skrb, i mogu\u0107im zajedni\u010dkim projektima.<\/p>\n\n\n\n<p>\"U Brachttalu mo\u017eete vidjeti puno stvari koje ve\u0107 dobro prolaze, ali i puno potencijala i izazova s kojima se Greens \u017eeli suo\u010diti, posebno u ruralnom okrugu Main-Kinzig\", rekao je Reiner Bousonville, \u010dlan Upravnog odbora Greens Main-Kinziga i predsjednik Grupe, koji je tako\u0111er sudjelovao na sastanku. \"Kako bismo se mogli nositi s tim u interesu gra\u0111ana u op\u0107inama, nadamo se da \u0107emo osvojiti vi\u0161e \u010dlanova u Brachttalu i okolnim selima, kao \u0161to su Bad Soden Salm\u00fcnster ili Birstein\", rekao je Bousonville. Kao prilika za daljnju razmjenu i kao kontaktna to\u010dka za zainteresirane strane, Zeleni organiziraju \u201eZeleni okrugli stol\u201d u Brachttalu 3. studenoga u 19 sati. Mjesto sastanka je \u201eWLC the Room\u201d, Fabrikstra\u00dfe 12,63636 Brachttal-Schliebach. Zainteresirane strane mogu se obratiti okru\u017enoj udruzi Green Main-Kinzig pod <a href=\"#\" data-unscramble=\"ed.kkm-eneurg@vk\">kv@gruene-mkk.de<\/a> izvje\u0161\u0107e.<\/p>","protected":false},"excerpt":{"rendered":"","protected":false},"author":-1,"featured_media":229,"comment_status":"open","ping_status":"open","sticky":false,"template":"","format":"standard","meta":{"footnotes":""},"categories":[4],"tags":[],"class_list":["post-228","post","type-post","status-publish","format-standard","has-post-thumbnail","hentry","category-newsortsverbaende"],"_links":{"self":[{"href":"https:\/\/www.gruene-mkk.de\/hr\/wp-json\/wp\/v2\/posts\/228","targetHints":{"allow":["GET"]}}],"collection":[{"href":"https:\/\/www.gruene-mkk.de\/hr\/wp-json\/wp\/v2\/posts"}],"about":[{"href":"https:\/\/www.gruene-mkk.de\/hr\/wp-json\/wp\/v2\/types\/post"}],"author":[{"embeddable":true,"href":"https:\/\/www.gruene-mkk.de\/hr\/wp-json\/wp\/v2\/users\/2"}],"replies":[{"embeddable":true,"href":"https:\/\/www.gruene-mkk.de\/hr\/wp-json\/wp\/v2\/comments?post=228"}],"version-history":[{"count":1,"href":"https:\/\/www.gruene-mkk.de\/hr\/wp-json\/wp\/v2\/posts\/228\/revisions"}],"predecessor-version":[{"id":230,"href":"https:\/\/www.gruene-mkk.de\/hr\/wp-json\/wp\/v2\/posts\/228\/revisions\/230"}],"wp:featuredmedia":[{"embeddable":true,"href":"https:\/\/www.gruene-mkk.de\/hr\/wp-json\/wp\/v2\/media\/229"}],"wp:attachment":[{"href":"https:\/\/www.gruene-mkk.de\/hr\/wp-json\/wp\/v2\/media?parent=228"}],"wp:term":[{"taxonomy":"category","embeddable":true,"href":"https:\/\/www.gruene-mkk.de\/hr\/wp-json\/wp\/v2\/categories?post=228"},{"taxonomy":"post_tag","embeddable":true,"href":"https:\/\/www.gruene-mkk.de\/hr\/wp-json\/wp\/v2\/tags?post=228"}],"curies":[{"name":"wp","href":"https:\/\/api.w.org\/{rel}","templated":true}]}}