{"id":225,"date":"2021-10-06T11:26:00","date_gmt":"2021-10-06T09:26:00","guid":{"rendered":"https:\/\/www.alles-bleibt-anders.org\/?p=225"},"modified":"2021-11-12T19:27:53","modified_gmt":"2021-11-12T18:27:53","slug":"mehr-als-400-mitglieder-im-main-kinzig-kreis","status":"publish","type":"post","link":"https:\/\/www.gruene-mkk.de\/hr\/mehr-als-400-mitglieder-im-main-kinzig-kreis\/","title":{"rendered":"Vi\u0161e od 400 \u010dlanova u Main-Kinzig-Kreisu"},"content":{"rendered":"<p>U rujnu je Kreisverband B\u00fcndnis 90\/Die Gr\u00fcnen Main-Kinzig pozdravio svoju 400. obljetnicu. \u010clanovi, a od tada i \u010dlanovi, dodaju se svaki tjedan. <\/p>\n\n\n\n<!--more-->\n\n\n\n<p>\"Vrlo smo zadovoljni \u0161to je toliko ljudi zainteresirano za teme Zelenih i spremni smo se politi\u010dki anga\u017eirati\", rekao je G\u00fcnther Koch, glasnogovornik odbora Zelenih Main-Kinzig.<\/p>\n\n\n\n<p>400. mjesto. \u010clan Zelene stranke je Matthias Dorka iz Brachttala. \u201e\u017delio sam sudjelovati u stranci u svojoj op\u0107ini Brachttal, ali i \u0161ire. S Zelenima sam prona\u0161ao najve\u0107e preklapanje s mojim interesima i stavovima, \u0161to me je dovelo do toga da se pridru\u017eim\", rekao je Dorka. Ubrzo nakon pristupanja, novi \u010dlan ve\u0107 je bio aktivan u izbornoj kampanji Bundestaga, objesio je plakate i distribuirao letke u svom okrugu Schlierbach. Sada se Dorka nada da \u0107e prona\u0107i jo\u0161 vi\u0161e drugova u svojim domovima i o\u017eivjeti lokalnu udrugu Zelenih.<\/p>\n\n\n\n<p>\"Okru\u017ena udruga voli podr\u017eavati motivirane nove \u010dlanove kako bi se uklju\u010dili u svoje mjesto\", ka\u017ee Koch. \u201ePosebno u ruralnim podru\u010djima u isto\u010dnom okrugu Main-Kinzig vidimo velik potencijal za jo\u0161 vi\u0161e zelenih pitanja.\u201d Me\u0111u ostalim, sve ve\u0107i broj \u010dlanova i dobri rezultati nedavnih izbora u okolnim op\u0107inama kao \u0161to su W\u00e4chtersbach, Biebergem\u00fcnd i Bad Ob jasno su pokazali da postoji interes i potreba za zelenom op\u0107inskom politikom.<\/p>\n\n\n\n<p>Ali i u ve\u0107im lokalnim udrugama u zapadnom okrugu Main-Kinzig, kao \u0161to su Hanau, Maintal i Nidderau, broj \u010dlanova i dalje raste \u010dak i nakon saveznih izbora. Uvjereni smo da \u0107emo uskoro imati na\u0161ih 500. \u010clanovi mogu slaviti\", ka\u017ee G\u00fcnther Koch. \u201eU okru\u017enoj udruzi i lokalnim udrugama sada nastojimo na najbolji mogu\u0107i na\u010din uklju\u010diti nove \u010dlanove u rad stranke kako bismo dodatno unaprijedili pitanja kao \u0161to su socijalna pravda i za\u0161tita klime na op\u0107inskoj razini te bili dobro pozicionirani za budu\u0107e izbore i izborne kampanje.\u201d<\/p>","protected":false},"excerpt":{"rendered":"<p>U rujnu je Kreisverband B\u00fcndnis 90\/Die Gr\u00fcnen Main-Kinzig pozdravio svoju 400. obljetnicu. \u010clanovi, a od tada i \u010dlanovi, dodaju se svaki tjedan.<\/p>","protected":false},"author":-1,"featured_media":226,"comment_status":"open","ping_status":"open","sticky":false,"template":"","format":"standard","meta":{"footnotes":""},"categories":[1],"tags":[],"class_list":["post-225","post","type-post","status-publish","format-standard","has-post-thumbnail","hentry","category-allgemein"],"_links":{"self":[{"href":"https:\/\/www.gruene-mkk.de\/hr\/wp-json\/wp\/v2\/posts\/225","targetHints":{"allow":["GET"]}}],"collection":[{"href":"https:\/\/www.gruene-mkk.de\/hr\/wp-json\/wp\/v2\/posts"}],"about":[{"href":"https:\/\/www.gruene-mkk.de\/hr\/wp-json\/wp\/v2\/types\/post"}],"author":[{"embeddable":true,"href":"https:\/\/www.gruene-mkk.de\/hr\/wp-json\/wp\/v2\/users\/2"}],"replies":[{"embeddable":true,"href":"https:\/\/www.gruene-mkk.de\/hr\/wp-json\/wp\/v2\/comments?post=225"}],"version-history":[{"count":1,"href":"https:\/\/www.gruene-mkk.de\/hr\/wp-json\/wp\/v2\/posts\/225\/revisions"}],"predecessor-version":[{"id":227,"href":"https:\/\/www.gruene-mkk.de\/hr\/wp-json\/wp\/v2\/posts\/225\/revisions\/227"}],"wp:featuredmedia":[{"embeddable":true,"href":"https:\/\/www.gruene-mkk.de\/hr\/wp-json\/wp\/v2\/media\/226"}],"wp:attachment":[{"href":"https:\/\/www.gruene-mkk.de\/hr\/wp-json\/wp\/v2\/media?parent=225"}],"wp:term":[{"taxonomy":"category","embeddable":true,"href":"https:\/\/www.gruene-mkk.de\/hr\/wp-json\/wp\/v2\/categories?post=225"},{"taxonomy":"post_tag","embeddable":true,"href":"https:\/\/www.gruene-mkk.de\/hr\/wp-json\/wp\/v2\/tags?post=225"}],"curies":[{"name":"wp","href":"https:\/\/api.w.org\/{rel}","templated":true}]}}