{"id":1963,"date":"2023-12-07T16:49:43","date_gmt":"2023-12-07T15:49:43","guid":{"rendered":"https:\/\/www.gruene-mkk.de\/?p=1963"},"modified":"2023-12-12T14:52:33","modified_gmt":"2023-12-12T13:52:33","slug":"thomas-gassen-und-anja-zeller-sind-neue-sprecher","status":"publish","type":"post","link":"https:\/\/www.gruene-mkk.de\/hr\/thomas-gassen-und-anja-zeller-sind-neue-sprecher\/","title":{"rendered":"Thomas Gassen i Anja Zeller novi su govornici"},"content":{"rendered":"<p><em>Okru\u017eni odbor Zelenog Main-Kinziga bira nove \u010delnike \/ \u010dlanove Pristupa<\/em><\/p>\n\n\n\n<div class=\"wp-block-media-text is-stacked-on-mobile is-vertically-aligned-top\"><figure class=\"wp-block-media-text__media\"><img loading=\"lazy\" decoding=\"async\" width=\"560\" height=\"1200\" src=\"https:\/\/www.gruene-mkk.de\/wp-content\/uploads\/2023\/12\/20231201_205715-560x1200.jpg\" alt=\"\" class=\"wp-image-1965 size-full\" srcset=\"https:\/\/www.gruene-mkk.de\/wp-content\/uploads\/2023\/12\/20231201_205715-560x1200.jpg 560w, https:\/\/www.gruene-mkk.de\/wp-content\/uploads\/2023\/12\/20231201_205715-280x600.jpg 280w, https:\/\/www.gruene-mkk.de\/wp-content\/uploads\/2023\/12\/20231201_205715-768x1645.jpg 768w, https:\/\/www.gruene-mkk.de\/wp-content\/uploads\/2023\/12\/20231201_205715-717x1536.jpg 717w, https:\/\/www.gruene-mkk.de\/wp-content\/uploads\/2023\/12\/20231201_205715-956x2048.jpg 956w, https:\/\/www.gruene-mkk.de\/wp-content\/uploads\/2023\/12\/20231201_205715-scaled.jpg 1196w\" sizes=\"auto, (max-width: 560px) 100vw, 560px\" \/><\/figure><div class=\"wp-block-media-text__content\">\n<p>Anja Zeller i Thomas Gassen novi su glasnogovornici odbora Zelenog okruga Main-Kinzig. Kao dio njihovog povla\u010denja, obojicu su izabrali \u010dlanovi odbora.<\/p>\n\n\n\n<p>Nakon \u0161to se okru\u017eni odbor gotovo u potpunosti premjestio na posljednjim izborima, \u010dlanovi su se sada sastali na sastanku za povla\u010denje: \"Bilo nam je va\u017eno raspravljati o temeljima rada Uprave i definirati na\u0161e prioritete za sljede\u0107e dvije godine\", ka\u017eu Zeller i Gassen.<\/p>\n\n\n\n<p>Anja Zeller iskusna je politi\u010darka iz Hanaua, Thomas Gassen ve\u0107 je godinama aktivan u lokalnoj politici u Gro\u00dfkrotzenburgu: \"Prihva\u0107amo ovo politi\u010dko iskustvo, kao i na\u0161 dugogodi\u0161nji rad sa Zelenima, s nama kako bismo se aktivno suo\u010dili s glavnim izazovima nadolaze\u0107ih godina\", nagla\u0161avaju Zeller i Gassen: \u201eSloboda okruga Hanau, sljede\u0107i lokalni izbori i prelazak nadesno u dijelovima okruga donose nove zada\u0107e koje moramo zajedno rije\u0161iti.\u201d<\/p>\n\n\n\n<p><\/p>\n<\/div><\/div>\n\n\n\n<p>Zadovoljstvo nam je preuzeti ovu va\u017enu i uzbudljivu ulogu i biti glas na\u0161eg okru\u017enog udru\u017eenja prema vanjskom svijetu. U\u010dinit \u0107emo sve \u0161to je u na\u0161oj mo\u0107i da \u010dujemo i na odgovaraju\u0107i na\u010din zastupamo brige i potrebe svih lokalnih udruga i \u010dlanova. Zajedno mo\u017eemo donijeti pozitivne promjene i ostvariti na\u0161e zelene ciljeve u okrugu Main-Kinzig. \u017deljeli bismo izraziti svoju iskrenu zahvalnost za povjerenje koje nam je dodijelio okru\u017eni odbor. Svoju novu ulogu preuzimamo s velikom motivacijom i veselimo se po\u010detku.<\/p>\n\n\n\n<p>Anja Zeller iskusna je politi\u010darka iz Hanaua, Thomas Gassen ve\u0107 je godinama aktivan u lokalnoj politici u Gro\u00dfkrotzenburgu: \"Prihva\u0107amo ovo politi\u010dko iskustvo, kao i na\u0161 dugogodi\u0161nji rad sa Zelenima, s nama kako bismo se aktivno suo\u010dili s glavnim izazovima nadolaze\u0107ih godina\", nagla\u0161avaju Zeller i Gassen: \"Sloboda okruga Hanau, sljede\u0107i lokalni izbori i pomak udesno u dijelovima okruga donose nove zadatke koje moramo zajedno rije\u0161iti.\" Zadovoljstvo nam je preuzeti ovu va\u017enu i uzbudljivu ulogu i biti glas na\u0161e okru\u017ene udruge vanjskom svijetu. U\u010dinit \u0107emo sve \u0161to je u na\u0161oj mo\u0107i da \u010dujemo i na odgovaraju\u0107i na\u010din zastupamo brige i potrebe svih lokalnih udruga i \u010dlanova. Zajedno mo\u017eemo donijeti pozitivne promjene i ostvariti na\u0161e zelene ciljeve u okrugu Main-Kinzig. \u017deljeli bismo izraziti svoju iskrenu zahvalnost za povjerenje koje nam je dodijelio okru\u017eni odbor. U na\u0161 novi zadatak ulazimo s velikom motivacijom i<\/p>","protected":false},"excerpt":{"rendered":"<p>Anja Zeller i Thomas Gassen novi su glasnogovornici odbora Zelenog okruga Main-Kinzig. Tijekom njihovog povla\u010denja, obojica [...]<\/p>","protected":false},"author":-1,"featured_media":0,"comment_status":"closed","ping_status":"open","sticky":true,"template":"","format":"standard","meta":{"footnotes":""},"categories":[1],"tags":[],"class_list":["post-1963","post","type-post","status-publish","format-standard","hentry","category-allgemein"],"_links":{"self":[{"href":"https:\/\/www.gruene-mkk.de\/hr\/wp-json\/wp\/v2\/posts\/1963","targetHints":{"allow":["GET"]}}],"collection":[{"href":"https:\/\/www.gruene-mkk.de\/hr\/wp-json\/wp\/v2\/posts"}],"about":[{"href":"https:\/\/www.gruene-mkk.de\/hr\/wp-json\/wp\/v2\/types\/post"}],"author":[{"embeddable":true,"href":"https:\/\/www.gruene-mkk.de\/hr\/wp-json\/wp\/v2\/users\/2"}],"replies":[{"embeddable":true,"href":"https:\/\/www.gruene-mkk.de\/hr\/wp-json\/wp\/v2\/comments?post=1963"}],"version-history":[{"count":2,"href":"https:\/\/www.gruene-mkk.de\/hr\/wp-json\/wp\/v2\/posts\/1963\/revisions"}],"predecessor-version":[{"id":1967,"href":"https:\/\/www.gruene-mkk.de\/hr\/wp-json\/wp\/v2\/posts\/1963\/revisions\/1967"}],"wp:attachment":[{"href":"https:\/\/www.gruene-mkk.de\/hr\/wp-json\/wp\/v2\/media?parent=1963"}],"wp:term":[{"taxonomy":"category","embeddable":true,"href":"https:\/\/www.gruene-mkk.de\/hr\/wp-json\/wp\/v2\/categories?post=1963"},{"taxonomy":"post_tag","embeddable":true,"href":"https:\/\/www.gruene-mkk.de\/hr\/wp-json\/wp\/v2\/tags?post=1963"}],"curies":[{"name":"wp","href":"https:\/\/api.w.org\/{rel}","templated":true}]}}