{"id":1467,"date":"2022-11-21T11:51:00","date_gmt":"2022-11-21T10:51:00","guid":{"rendered":"https:\/\/www.gruene-mkk.de\/?p=1467"},"modified":"2022-11-21T11:51:01","modified_gmt":"2022-11-21T10:51:01","slug":"gruene-nidderau-tagen-in-rueckersbach","status":"publish","type":"post","link":"https:\/\/www.gruene-mkk.de\/hr\/gruene-nidderau-tagen-in-rueckersbach\/","title":{"rendered":"Sastanak Zelenog Nidderaua u R\u00fcckersbachu"},"content":{"rendered":"<p>Krajem listopada frakcija Zelenih Nidderauer i zainteresirana za lokalnu udrugu<br>Konferencija u Ku\u0107i seminara u R\u00fcckersbachu.<br>Tema je bio urbani prora\u010dun za 2023.\/2024. Puno toga je u\u010dinjeno, raspravljeno i propitivano. Koje projekte \u017eelimo promovirati za Zelene? Gdje se ne\u0161to mo\u017ee spasiti? Koji su nam projekti prioritet? Bilo je puno toga za napraviti.<br>Nakon intenzivnih rasprava prikupljeno je nekoliko prijedloga za novi prora\u010dun. Na primjer, program ulaganja treba uklju\u010divati sredstva za energetski u\u010dinkovitu obnovu gradskih zgrada na godi\u0161njoj osnovi. \"Smanjenje \u0161tetnih stakleni\u010dkih plinova kroz mjere toplinske izolacije i prelazak s grija\u010da s unutarnjim izgaranjem na toplinske crpke mora se odvijati brzo\", obja\u0161njava Tanja Seelbach, glasnogovornica odbora Nidderauer GR\u00dcNEN. O\u010dekuje se da \u0107e se provesti daljnje planirane primjene za pobolj\u0161anje biciklisti\u010dke infrastrukture i zemlji\u0161ta bez plombe. \u201eNamijenjena su i smanjenju emisija CO2 i omogu\u0107ivanju ispiranja ki\u0161nice. To su hitni zadaci u na\u0161e vrijeme\u201d, nastavlja Seelbach.<br>Boravak u R\u00fcckersbachu tako\u0111er je poslu\u017eio da provedete malo vi\u0161e vremena zajedno.<br>Provedite vrijeme razmjenjuju\u0107i ideje i u\u017eivaju\u0107i u izvrsnoj kuhinji u R\u00fcckersbachu<br>Biti maziti.<\/p>","protected":false},"excerpt":{"rendered":"<p>Krajem listopada frakcija Zelenih Nidderauer i zainteresirana za lokalnu udrugu<br \/>\nKonferencija u Ku\u0107i seminara u R\u00fcckersbachu.<\/p>","protected":false},"author":-1,"featured_media":1468,"comment_status":"closed","ping_status":"open","sticky":false,"template":"","format":"standard","meta":{"footnotes":""},"categories":[1],"tags":[],"class_list":["post-1467","post","type-post","status-publish","format-standard","has-post-thumbnail","hentry","category-allgemein"],"_links":{"self":[{"href":"https:\/\/www.gruene-mkk.de\/hr\/wp-json\/wp\/v2\/posts\/1467","targetHints":{"allow":["GET"]}}],"collection":[{"href":"https:\/\/www.gruene-mkk.de\/hr\/wp-json\/wp\/v2\/posts"}],"about":[{"href":"https:\/\/www.gruene-mkk.de\/hr\/wp-json\/wp\/v2\/types\/post"}],"author":[{"embeddable":true,"href":"https:\/\/www.gruene-mkk.de\/hr\/wp-json\/wp\/v2\/users\/2"}],"replies":[{"embeddable":true,"href":"https:\/\/www.gruene-mkk.de\/hr\/wp-json\/wp\/v2\/comments?post=1467"}],"version-history":[{"count":1,"href":"https:\/\/www.gruene-mkk.de\/hr\/wp-json\/wp\/v2\/posts\/1467\/revisions"}],"predecessor-version":[{"id":1469,"href":"https:\/\/www.gruene-mkk.de\/hr\/wp-json\/wp\/v2\/posts\/1467\/revisions\/1469"}],"wp:featuredmedia":[{"embeddable":true,"href":"https:\/\/www.gruene-mkk.de\/hr\/wp-json\/wp\/v2\/media\/1468"}],"wp:attachment":[{"href":"https:\/\/www.gruene-mkk.de\/hr\/wp-json\/wp\/v2\/media?parent=1467"}],"wp:term":[{"taxonomy":"category","embeddable":true,"href":"https:\/\/www.gruene-mkk.de\/hr\/wp-json\/wp\/v2\/categories?post=1467"},{"taxonomy":"post_tag","embeddable":true,"href":"https:\/\/www.gruene-mkk.de\/hr\/wp-json\/wp\/v2\/tags?post=1467"}],"curies":[{"name":"wp","href":"https:\/\/api.w.org\/{rel}","templated":true}]}}