{"id":1390,"date":"2022-10-17T11:01:18","date_gmt":"2022-10-17T09:01:18","guid":{"rendered":"https:\/\/www.gruene-mkk.de\/?p=1390"},"modified":"2022-10-17T12:06:01","modified_gmt":"2022-10-17T10:06:01","slug":"delegation-beim-parteitag-in-bonn","status":"publish","type":"post","link":"https:\/\/www.gruene-mkk.de\/hr\/delegation-beim-parteitag-in-bonn\/","title":{"rendered":"Izaslanstvo na strana\u010dkom kongresu u Bonnu"},"content":{"rendered":"<p>Bila je to povijesna konferencija saveznih delegata kojoj su pro\u0161li vikend prisustvovali na\u0161i delegati Barbara Sch\u00e4fer i Matthias Dorka. Morale su se donijeti te\u0161ke odluke o atmosferskim elektranama, va\u0111enju ugljena i isporuci oru\u017eja. Rasprave u petak i subotu trajale su do kasno uve\u010der. Annalena Baerboch, Roberthabeck, Ricarda Lang, Omid Nouripour i drugi \u010dlanovi odr\u017eali su uzbudljive i emocionalne govore u kojima su, uz potrebu za sumnjivim odlukama, ponovno potvrdili solidarnost Zelenih s ukrajinskim narodom, a posebno \u017eenama u Iranu i Afganistanu.<\/p>\n\n\n\n<p>Bila je to prva konferencija saveznih delegata od po\u010detka pandemije koronavirusa. Insegsamt je prisustvovao doga\u0111aju sa 800 delegata i gostiju. Na marginama rasprava i glasovanja, a posebno tijekom proslave u subotu nave\u010der, bilo je mnogo prilika za razmjenu ideja i stupanje u kontakt s izaslanicima iz drugih okru\u017enih udruga. <\/p>\n\n\n\n<p>Zahvaljujemo na\u0161im izaslanicima na pripremi i intenzivnom ispitivanju prijava i njihovoj ustrajnosti! <\/p>\n\n\n\n<figure class=\"wp-block-gallery has-nested-images columns-default is-cropped wp-block-gallery-1 is-layout-flex wp-block-gallery-is-layout-flex\">\n<figure class=\"wp-block-image size-large\"><img loading=\"lazy\" decoding=\"async\" width=\"2560\" height=\"1920\" data-id=\"1395\" src=\"https:\/\/www.gruene-mkk.de\/wp-content\/uploads\/2022\/10\/IMG_1940-scaled.jpg\" alt=\"\" class=\"wp-image-1395\" srcset=\"https:\/\/www.gruene-mkk.de\/wp-content\/uploads\/2022\/10\/IMG_1940-scaled.jpg 2560w, https:\/\/www.gruene-mkk.de\/wp-content\/uploads\/2022\/10\/IMG_1940-400x300.jpg 400w, https:\/\/www.gruene-mkk.de\/wp-content\/uploads\/2022\/10\/IMG_1940-800x600.jpg 800w, https:\/\/www.gruene-mkk.de\/wp-content\/uploads\/2022\/10\/IMG_1940-768x576.jpg 768w, https:\/\/www.gruene-mkk.de\/wp-content\/uploads\/2022\/10\/IMG_1940-1536x1152.jpg 1536w, https:\/\/www.gruene-mkk.de\/wp-content\/uploads\/2022\/10\/IMG_1940-2048x1536.jpg 2048w\" sizes=\"auto, (max-width: 2560px) 100vw, 2560px\" \/><figcaption>Ru\u010dak s izaslanstvom savezne zemlje KV Offenbach i savezne zemlje Brandenburg Havel<\/figcaption><\/figure>\n\n\n\n<figure class=\"wp-block-image size-large\"><img loading=\"lazy\" decoding=\"async\" width=\"1512\" height=\"2016\" data-id=\"1393\" src=\"https:\/\/www.gruene-mkk.de\/wp-content\/uploads\/2022\/10\/9eeec698-9f7d-4166-bed0-36ebc7cb7718.jpg\" alt=\"\" class=\"wp-image-1393\" srcset=\"https:\/\/www.gruene-mkk.de\/wp-content\/uploads\/2022\/10\/9eeec698-9f7d-4166-bed0-36ebc7cb7718.jpg 1512w, https:\/\/www.gruene-mkk.de\/wp-content\/uploads\/2022\/10\/9eeec698-9f7d-4166-bed0-36ebc7cb7718-400x533.jpg 400w, https:\/\/www.gruene-mkk.de\/wp-content\/uploads\/2022\/10\/9eeec698-9f7d-4166-bed0-36ebc7cb7718-800x1067.jpg 800w, https:\/\/www.gruene-mkk.de\/wp-content\/uploads\/2022\/10\/9eeec698-9f7d-4166-bed0-36ebc7cb7718-768x1024.jpg 768w, https:\/\/www.gruene-mkk.de\/wp-content\/uploads\/2022\/10\/9eeec698-9f7d-4166-bed0-36ebc7cb7718-1152x1536.jpg 1152w\" sizes=\"auto, (max-width: 1512px) 100vw, 1512px\" \/><figcaption>Barbara Sch\u00e4fer (delegirana), Robert Erkan (kandidat za dr\u017eavne izbore 2023.), Mareike Forchheim (izaslanica za zamjenu), Matthias Dorka (delegirana)<\/figcaption><\/figure>\n\n\n\n<figure class=\"wp-block-image size-large\"><img loading=\"lazy\" decoding=\"async\" width=\"1600\" height=\"1204\" data-id=\"1397\" src=\"https:\/\/www.gruene-mkk.de\/wp-content\/uploads\/2022\/10\/BDK2022.jpg\" alt=\"\" class=\"wp-image-1397\" srcset=\"https:\/\/www.gruene-mkk.de\/wp-content\/uploads\/2022\/10\/BDK2022.jpg 1600w, https:\/\/www.gruene-mkk.de\/wp-content\/uploads\/2022\/10\/BDK2022-400x301.jpg 400w, https:\/\/www.gruene-mkk.de\/wp-content\/uploads\/2022\/10\/BDK2022-800x602.jpg 800w, https:\/\/www.gruene-mkk.de\/wp-content\/uploads\/2022\/10\/BDK2022-768x578.jpg 768w, https:\/\/www.gruene-mkk.de\/wp-content\/uploads\/2022\/10\/BDK2022-1536x1156.jpg 1536w\" sizes=\"auto, (max-width: 1600px) 100vw, 1600px\" \/><figcaption>Govor Roberta Habecka<\/figcaption><\/figure>\n\n\n\n<figure class=\"wp-block-image size-large\"><img loading=\"lazy\" decoding=\"async\" width=\"2016\" height=\"1512\" data-id=\"1392\" src=\"https:\/\/www.gruene-mkk.de\/wp-content\/uploads\/2022\/10\/ac16d12e-9bc5-49bc-bd01-9184d5effdff.jpg\" alt=\"\" class=\"wp-image-1392\" srcset=\"https:\/\/www.gruene-mkk.de\/wp-content\/uploads\/2022\/10\/ac16d12e-9bc5-49bc-bd01-9184d5effdff.jpg 2016w, https:\/\/www.gruene-mkk.de\/wp-content\/uploads\/2022\/10\/ac16d12e-9bc5-49bc-bd01-9184d5effdff-400x300.jpg 400w, https:\/\/www.gruene-mkk.de\/wp-content\/uploads\/2022\/10\/ac16d12e-9bc5-49bc-bd01-9184d5effdff-800x600.jpg 800w, https:\/\/www.gruene-mkk.de\/wp-content\/uploads\/2022\/10\/ac16d12e-9bc5-49bc-bd01-9184d5effdff-768x576.jpg 768w, https:\/\/www.gruene-mkk.de\/wp-content\/uploads\/2022\/10\/ac16d12e-9bc5-49bc-bd01-9184d5effdff-1536x1152.jpg 1536w\" sizes=\"auto, (max-width: 2016px) 100vw, 2016px\" \/><figcaption>Izaslanstvo MKK-a s Melanie Bacher (KV Offenbach Land)<\/figcaption><\/figure>\n<\/figure>","protected":false},"excerpt":{"rendered":"<p>Bila je to povijesna konferencija saveznih delegata kojoj su pro\u0161li vikend prisustvovali na\u0161i delegati Barbara Sch\u00e4fer i Matthias Dorka. Morale su se donijeti te\u0161ke odluke o atmosferskim elektranama, va\u0111enju ugljena i isporuci oru\u017eja. Nakon toga slijedi [...]<\/p>","protected":false},"author":-1,"featured_media":1394,"comment_status":"closed","ping_status":"open","sticky":false,"template":"","format":"standard","meta":{"footnotes":""},"categories":[1],"tags":[22,18],"class_list":["post-1390","post","type-post","status-publish","format-standard","has-post-thumbnail","hentry","category-allgemein","tag-bdk","tag-unterwegs"],"_links":{"self":[{"href":"https:\/\/www.gruene-mkk.de\/hr\/wp-json\/wp\/v2\/posts\/1390","targetHints":{"allow":["GET"]}}],"collection":[{"href":"https:\/\/www.gruene-mkk.de\/hr\/wp-json\/wp\/v2\/posts"}],"about":[{"href":"https:\/\/www.gruene-mkk.de\/hr\/wp-json\/wp\/v2\/types\/post"}],"author":[{"embeddable":true,"href":"https:\/\/www.gruene-mkk.de\/hr\/wp-json\/wp\/v2\/users\/2"}],"replies":[{"embeddable":true,"href":"https:\/\/www.gruene-mkk.de\/hr\/wp-json\/wp\/v2\/comments?post=1390"}],"version-history":[{"count":2,"href":"https:\/\/www.gruene-mkk.de\/hr\/wp-json\/wp\/v2\/posts\/1390\/revisions"}],"predecessor-version":[{"id":1399,"href":"https:\/\/www.gruene-mkk.de\/hr\/wp-json\/wp\/v2\/posts\/1390\/revisions\/1399"}],"wp:featuredmedia":[{"embeddable":true,"href":"https:\/\/www.gruene-mkk.de\/hr\/wp-json\/wp\/v2\/media\/1394"}],"wp:attachment":[{"href":"https:\/\/www.gruene-mkk.de\/hr\/wp-json\/wp\/v2\/media?parent=1390"}],"wp:term":[{"taxonomy":"category","embeddable":true,"href":"https:\/\/www.gruene-mkk.de\/hr\/wp-json\/wp\/v2\/categories?post=1390"},{"taxonomy":"post_tag","embeddable":true,"href":"https:\/\/www.gruene-mkk.de\/hr\/wp-json\/wp\/v2\/tags?post=1390"}],"curies":[{"name":"wp","href":"https:\/\/api.w.org\/{rel}","templated":true}]}}