{"id":1387,"date":"2022-10-17T10:14:48","date_gmt":"2022-10-17T08:14:48","guid":{"rendered":"https:\/\/www.gruene-mkk.de\/?p=1387"},"modified":"2022-10-17T10:14:49","modified_gmt":"2022-10-17T08:14:49","slug":"zu-besuch-bei-omid-nouripour","status":"publish","type":"post","link":"https:\/\/www.gruene-mkk.de\/hr\/zu-besuch-bei-omid-nouripour\/","title":{"rendered":"Posjet Omidu Nouripouru"},"content":{"rendered":"<p>Gr\u00fcne Main-Kinzig informira se u okrugu berlinske vlade na poziv Omida Nouripoura, \u010dlana Bundestaga, saveznog izvr\u0161nog odbora B\u00fcndnis 90\/Die Gr\u00fcnen. Sastanak s Nouripourom bio je usmjeren na stajali\u0161te Zelenih o me\u0111unarodnim sukobima. Razgovaralo se o daljnjim mjerama za potporu ukrajinskom narodu protiv ruskog agresivnog rata kojim se kr\u0161i me\u0111unarodno pravo. Kako bi se smjestile lokalne snage i druge izbjeglice iz Afganistana, Nouripour je obe\u0107ao rani paket mjera. U potporu \u017eenama u Iranu, gdje teroristi\u010dki re\u017eim zanemaruje ljudska i \u017eenska prava, a prosvjedi su brutalno sru\u0161eni, Zeleni su najavili rezoluciju za ve\u0107u i opipljivu pomo\u0107 Kongresu Savezne stranke.<\/p>\n\n\n\n<p>Osim zgrade Reichstag, skupina Zelenih iz okruga Main-Kinzig posjetila je niz spomenika u spomen na strahote nacisti\u010dkog re\u017eima i ilegalne dr\u017eave GDR-a. U njema\u010dkom Spomen-obilje\u017eju otpora posebna izlo\u017eba \u201eTihi heroji\u201d na dirljiv na\u010din skre\u0107e pozornost na sudbine progonjenih \u017didova i njihovih bjegunaca, a u spomen-obilje\u017eju ubijenih \u017didova u Europi na sve one koji nisu mogli izbje\u0107i strahote nacista. \u201eTa mjesta svima nam pokazuju koliko je va\u017eno \u010dvrsto se suprotstaviti antidemokratskim i antihumanim strujama i danas\u201d, ka\u017ee Anja Zeller.<\/p>","protected":false},"excerpt":{"rendered":"<p>Gr\u00fcne Main-Kinzig informira se u okrugu berlinske vlade na poziv Omida Nouripoura, \u010dlana Bundestaga, saveznog izvr\u0161nog odbora B\u00fcndnis 90\/Die Gr\u00fcnen. U prvom planu sastanka s Nouripourom bio je stav Zelenih [...]<\/p>","protected":false},"author":-1,"featured_media":1388,"comment_status":"closed","ping_status":"open","sticky":false,"template":"","format":"standard","meta":{"footnotes":""},"categories":[1,4],"tags":[21,17,19,20,18],"class_list":["post-1387","post","type-post","status-publish","format-standard","has-post-thumbnail","hentry","category-allgemein","category-newsortsverbaende","tag-berlin","tag-biebergemuend","tag-hanau","tag-maintal","tag-unterwegs"],"_links":{"self":[{"href":"https:\/\/www.gruene-mkk.de\/hr\/wp-json\/wp\/v2\/posts\/1387","targetHints":{"allow":["GET"]}}],"collection":[{"href":"https:\/\/www.gruene-mkk.de\/hr\/wp-json\/wp\/v2\/posts"}],"about":[{"href":"https:\/\/www.gruene-mkk.de\/hr\/wp-json\/wp\/v2\/types\/post"}],"author":[{"embeddable":true,"href":"https:\/\/www.gruene-mkk.de\/hr\/wp-json\/wp\/v2\/users\/2"}],"replies":[{"embeddable":true,"href":"https:\/\/www.gruene-mkk.de\/hr\/wp-json\/wp\/v2\/comments?post=1387"}],"version-history":[{"count":1,"href":"https:\/\/www.gruene-mkk.de\/hr\/wp-json\/wp\/v2\/posts\/1387\/revisions"}],"predecessor-version":[{"id":1389,"href":"https:\/\/www.gruene-mkk.de\/hr\/wp-json\/wp\/v2\/posts\/1387\/revisions\/1389"}],"wp:featuredmedia":[{"embeddable":true,"href":"https:\/\/www.gruene-mkk.de\/hr\/wp-json\/wp\/v2\/media\/1388"}],"wp:attachment":[{"href":"https:\/\/www.gruene-mkk.de\/hr\/wp-json\/wp\/v2\/media?parent=1387"}],"wp:term":[{"taxonomy":"category","embeddable":true,"href":"https:\/\/www.gruene-mkk.de\/hr\/wp-json\/wp\/v2\/categories?post=1387"},{"taxonomy":"post_tag","embeddable":true,"href":"https:\/\/www.gruene-mkk.de\/hr\/wp-json\/wp\/v2\/tags?post=1387"}],"curies":[{"name":"wp","href":"https:\/\/api.w.org\/{rel}","templated":true}]}}