{"id":1383,"date":"2022-10-12T12:01:14","date_gmt":"2022-10-12T10:01:14","guid":{"rendered":"https:\/\/www.gruene-mkk.de\/?p=1383"},"modified":"2024-09-05T14:29:59","modified_gmt":"2024-09-05T12:29:59","slug":"gruene-bruchkoebel-begruessen-gutachten-zur-bahnverbindung","status":"publish","type":"post","link":"https:\/\/www.gruene-mkk.de\/hr\/gruene-bruchkoebel-begruessen-gutachten-zur-bahnverbindung\/","title":{"rendered":"<strong>Gr\u00fcne Bruchk\u00f6bel pozdravlja stru\u010dno mi\u0161ljenje o \u017eeljezni\u010dkoj vezi<\/strong>"},"content":{"rendered":"<p><strong>\u2013 Nerazumijevanje navodne \u201enerealne\u201d veze s Frankfurtom<\/strong><\/p>\n\n\n\n<p>Zeleni u Bruchk\u00f6belu pozdravljaju izvje\u0161\u0107e o potencijalu za pobolj\u0161anje lokalnog prijevoza na \u017eeljezni\u010dkoj pruzi Hanau-Friedberg. \"Ovo kona\u010dno stavlja na\u0161e \u017eeljeznice u sredi\u0161te pozornosti\", rekao je Uwe Ringel, predsjednik skupine B\u00fcndnis 90\/Die Gr\u00fcnen. Prema Ringelu, u izvje\u0161\u0107u se obja\u0161njavaju najva\u017enije to\u010dke koje bi mogle pove\u0107ati privla\u010dnost lokalne prometne veze prema Bruchk\u00f6belu i iz njega: Gu\u0161\u0107i sat, dodatna zaustavljanja i uklju\u010divanje trenutno neiskori\u0161tene veze Hanau Norda u industrijsko podru\u010dje Fliegerhorst.<\/p>\n\n\n\n<p>Zelenima nije razumljivo za\u0161to se u izvje\u0161\u0107u izravna veza izme\u0111u Bruchk\u00f6bela i Frankfurta opisuje kao \u201enerealna zbog ve\u0107 zauzetih ruta\u201d. Budu\u0107i da Ringel sumnja, izvje\u0161\u0107a stru\u010dnjaka vjerojatno su premalo dovela u pitanje izjave RMV-a i DB-a.<\/p>\n\n\n\n<ul class=\"wp-block-list\"><li>Posebno ljeti, zbog gra\u0111evinskih radova izme\u0111u Frankfurta i Bad Vilbela, brojni vlakovi do sredi\u0161njeg Hessena ponovno su redovito prometovali izme\u0111u Frankfurta i Hanaua. Bilo je putova za to.<\/li><li>U dana\u0161njem voznom redu neki vlakovi voze svakih pola sata do i od Frankfurta, koji zavr\u0161avaju i po\u010dinju u Hanauu \u2013 postoje i korisne rute. Operater je Hessische Landesbahn, koji \u0107e tako\u0111er opslu\u017eivati liniju Bruchk\u00f6beler od prosinca. Za\u0161to, Zeleni se pitaju, ne RMV pokrenuti ove vlakove do i od Friedberga?<\/li><li>Izvje\u0161\u0107e se tako\u0111er odnosi na izgradnju sjeverno-kopnenog S-Bahna. Kao rezultat toga, linija od Hanaua do Frankfurtskog istoka pro\u0161irit \u0107e se na \u010detiri kolosijeka, regionalni vlakovi zamijenit \u0107e se vlakovima S-Bahn i time \u0107e linije biti oslobo\u0111ene.<\/li><\/ul>\n\n\n\n<p>Zeleni smatraju da je prijedlog stru\u010dnjaka za nastavak budu\u0107eg sjeverno-kopnenog S-Bahna od Hanaua preko Bruchk\u00f6bela do Nidderaua \u0161armantan. \u201ePostoji vi\u0161e realnih rje\u0161enja\u201d, navodi Uwe Ringel. \u201eSamo treba\u0161 \u017eeljeti!\u201d.<\/p>\n\n\n\n<p>Za Zelene je va\u017eno da ovo izvje\u0161\u0107e ne ne nestane u ladicama, ve\u0107 da se aktivno razmatra. \u201eBez stalnog pritiska ne\u0107emo ni\u0161ta posti\u0107i\u201d.<\/p>\n\n\n\n<p>Gradovi Hanau, Bruchk\u00f6bel, Erlensee i Nidderau, zajedno s kru\u017enim tokom Main-Kinzig (KVG) i pod pokroviteljstvom Trgova\u010dke i industrijske komore Hanau-Gelnhausen-Schl\u00fcchtern (IHK), naru\u010dili su od dru\u0161tva Koblenzer BPV Consult GmbH stru\u010dno izvje\u0161\u0107e kako bi ispitali mogu li se pobolj\u0161ati lokalni prijevoz na \u017eeljezni\u010dkoj pruzi Hanau-Friedberg.<\/p>\n\n\n\n<p>Kontakt za medije:<\/p>\n\n\n\n<p>Klaus Linek<\/p>\n\n\n\n<p>Telefonski broj: 06181 57 82 006<\/p>\n\n\n\n<p>Mobitel: 0151 2077 0075<\/p>","protected":false},"excerpt":{"rendered":"<p>\u2013 Nerazumijevanje navodno \u201enerealne\u201d veze s Frankfurtom Zeleni u Bruchk\u00f6belu pozdravljaju mi\u0161ljenje o potencijalu za pobolj\u0161anje lokalnog prijevoza na \u017eeljezni\u010dkoj pruzi Hanau-Friedberg. \u201eS tim se na\u0161a \u017eeljeznica kona\u010dno kre\u0107e [...]<\/p>","protected":false},"author":-1,"featured_media":0,"comment_status":"closed","ping_status":"open","sticky":false,"template":"","format":"standard","meta":{"footnotes":""},"categories":[4],"tags":[14,16,15],"class_list":["post-1383","post","type-post","status-publish","format-standard","hentry","category-newsortsverbaende","tag-bahn","tag-laendlicher-raum","tag-oepnv"],"_links":{"self":[{"href":"https:\/\/www.gruene-mkk.de\/hr\/wp-json\/wp\/v2\/posts\/1383","targetHints":{"allow":["GET"]}}],"collection":[{"href":"https:\/\/www.gruene-mkk.de\/hr\/wp-json\/wp\/v2\/posts"}],"about":[{"href":"https:\/\/www.gruene-mkk.de\/hr\/wp-json\/wp\/v2\/types\/post"}],"author":[{"embeddable":true,"href":"https:\/\/www.gruene-mkk.de\/hr\/wp-json\/wp\/v2\/users\/2"}],"replies":[{"embeddable":true,"href":"https:\/\/www.gruene-mkk.de\/hr\/wp-json\/wp\/v2\/comments?post=1383"}],"version-history":[{"count":1,"href":"https:\/\/www.gruene-mkk.de\/hr\/wp-json\/wp\/v2\/posts\/1383\/revisions"}],"predecessor-version":[{"id":1385,"href":"https:\/\/www.gruene-mkk.de\/hr\/wp-json\/wp\/v2\/posts\/1383\/revisions\/1385"}],"wp:attachment":[{"href":"https:\/\/www.gruene-mkk.de\/hr\/wp-json\/wp\/v2\/media?parent=1383"}],"wp:term":[{"taxonomy":"category","embeddable":true,"href":"https:\/\/www.gruene-mkk.de\/hr\/wp-json\/wp\/v2\/categories?post=1383"},{"taxonomy":"post_tag","embeddable":true,"href":"https:\/\/www.gruene-mkk.de\/hr\/wp-json\/wp\/v2\/tags?post=1383"}],"curies":[{"name":"wp","href":"https:\/\/api.w.org\/{rel}","templated":true}]}}