{"id":1266,"date":"2022-06-17T13:02:00","date_gmt":"2022-06-17T11:02:00","guid":{"rendered":"https:\/\/www.gruene-mkk.de\/?p=1266"},"modified":"2022-07-25T13:07:13","modified_gmt":"2022-07-25T11:07:13","slug":"besuch-beim-neuen-ihk-praesidenten","status":"publish","type":"post","link":"https:\/\/www.gruene-mkk.de\/hr\/besuch-beim-neuen-ihk-praesidenten\/","title":{"rendered":"Posjet novom predsjedniku Gospodarske komore"},"content":{"rendered":"<p>Okru\u017eni odbor i klub zastupnika \u010destitali su novom predsjedniku Industrijske i trgovinske komore Hanau-Gelnhausen-Schl\u00fcchternu Oliveru Naumannu na preuzimanju du\u017enosti. Sastanku su prisustvovali i dr. Quidde, glavna izvr\u0161na direktorica Industrijske i trgovinske komore, Maria Heider, glasnogovornica udru\u017eenja okruga B\u00fcndnis 90\/Die Gr\u00fcnen i njezin suglasnik Ahmet Cetiner, glavni direktor okruga Gr\u00fcnen MKK, Mareike Forchheim i Monika Nickel, zelena \u010dlanica Kreistaga i Gradsko vije\u0107e Hanaua.<br>Buket tema bio je raznolik i razmjena nadahnjuju\u0107a. Zajedno smo razgovarali o<br>\u2013 Suradnja na hitnom pitanju energetske sigurnosti za okrug Main-Kinzig<br>\u2013 Mogu\u0107nost uvo\u0111enja GreenBusiness trenera u CCI-ju<br>\u2013 Rodna ravnopravnost u poduze\u0107ima<br>\u2013 Ja\u010danje suradnje izme\u0111u \u0161kola i poduze\u0107a kako bi se mladi ponovno uklju\u010dili u naukovanje i pribli\u017eili odr\u017eivosti poslovanja<\/p>\n\n\n\n<p>Predsjednik Naumann bio je zadovoljan na\u0161im posjetom i preporu\u010dio nam je sljede\u0107e: \u201ePitajte svoje \u201akupce\u2019, tj. bira\u010de, \u0161to im je potrebno i kako im mo\u017eete pomo\u0107i. Prilago\u0111avanje korisnicima uvijek se isplati!\u201d<\/p>\n\n\n\n<p>Dobar savjet koji bismo \u017eeljeli poslu\u0161ati!<\/p>","protected":false},"excerpt":{"rendered":"<p>Okru\u017eni odbor i klub zastupnika \u010destitali su novom predsjedniku Industrijske i trgovinske komore Hanau-Gelnhausen-Schl\u00fcchternu Oliveru Naumannu na preuzimanju du\u017enosti. Na sastanku, Dr. Quidde, generalni direktor industrijske i trgovinske komore, Maria Heider, glasnogovornica Kreisverband B\u00fcndnis 90\/Die Gr\u00fcnen (Savez 90\/Zeleni) [...]<\/p>","protected":false},"author":-1,"featured_media":1267,"comment_status":"open","ping_status":"open","sticky":false,"template":"","format":"standard","meta":{"footnotes":""},"categories":[1],"tags":[],"class_list":["post-1266","post","type-post","status-publish","format-standard","has-post-thumbnail","hentry","category-allgemein"],"_links":{"self":[{"href":"https:\/\/www.gruene-mkk.de\/hr\/wp-json\/wp\/v2\/posts\/1266","targetHints":{"allow":["GET"]}}],"collection":[{"href":"https:\/\/www.gruene-mkk.de\/hr\/wp-json\/wp\/v2\/posts"}],"about":[{"href":"https:\/\/www.gruene-mkk.de\/hr\/wp-json\/wp\/v2\/types\/post"}],"author":[{"embeddable":true,"href":"https:\/\/www.gruene-mkk.de\/hr\/wp-json\/wp\/v2\/users\/2"}],"replies":[{"embeddable":true,"href":"https:\/\/www.gruene-mkk.de\/hr\/wp-json\/wp\/v2\/comments?post=1266"}],"version-history":[{"count":1,"href":"https:\/\/www.gruene-mkk.de\/hr\/wp-json\/wp\/v2\/posts\/1266\/revisions"}],"predecessor-version":[{"id":1268,"href":"https:\/\/www.gruene-mkk.de\/hr\/wp-json\/wp\/v2\/posts\/1266\/revisions\/1268"}],"wp:featuredmedia":[{"embeddable":true,"href":"https:\/\/www.gruene-mkk.de\/hr\/wp-json\/wp\/v2\/media\/1267"}],"wp:attachment":[{"href":"https:\/\/www.gruene-mkk.de\/hr\/wp-json\/wp\/v2\/media?parent=1266"}],"wp:term":[{"taxonomy":"category","embeddable":true,"href":"https:\/\/www.gruene-mkk.de\/hr\/wp-json\/wp\/v2\/categories?post=1266"},{"taxonomy":"post_tag","embeddable":true,"href":"https:\/\/www.gruene-mkk.de\/hr\/wp-json\/wp\/v2\/tags?post=1266"}],"curies":[{"name":"wp","href":"https:\/\/api.w.org\/{rel}","templated":true}]}}