{"id":1249,"date":"2022-07-12T08:39:06","date_gmt":"2022-07-12T06:39:06","guid":{"rendered":"https:\/\/www.gruene-mkk.de\/?p=1249"},"modified":"2022-07-12T08:39:08","modified_gmt":"2022-07-12T06:39:08","slug":"ein-wichtiges-signal-fuer-den-ausbau-der-erneuerbaren-energien-im-main-kinzig-kreis","status":"publish","type":"post","link":"https:\/\/www.gruene-mkk.de\/hr\/ein-wichtiges-signal-fuer-den-ausbau-der-erneuerbaren-energien-im-main-kinzig-kreis\/","title":{"rendered":"Va\u017ean signal za \u0161irenje obnovljivih izvora energije u okrugu Main-Kinzig"},"content":{"rendered":"<p><em>Izvr\u0161na vlast okruga i klub zastupnika Zelenih pozdravljaju odluku gra\u0111ana na Slobodnom sudu<\/em><\/p>\n\n\n\n<p>\"Zadovoljni smo \u0161to su gra\u0111ani Freigerichta odlu\u010dili dodatno ispitati prioritetna podru\u010dja vjetra\", rekao je Ahmet Cetiner, glasnogovornik okru\u017enog odbora B\u00fcndnis 90\/Die Gr\u00fcnen Main-Kinzig. \u201ePro\u0161le nedjelje glasanje gra\u0111ana tako\u0111er je pozitivan signal za demokraciju i rad mnogih predanih gra\u0111ana koji su, uz argumente i visoku razinu osobne predanosti, doveli do uspjeha peticije gra\u0111ana. Izme\u0111u ostalog, tablica energetskih ordinarija Freigerichta i lokalni Zeleni jasno su pokazali o \u010demu se radi i \u010dinjeni\u010dnim argumentima mogu se prevladati neki strahovi\", nastavlja Cetiner.<\/p>\n\n\n\n<p>Sada se ispitivanje podru\u010dja utemeljeno na \u010dinjenicama mo\u017ee nastaviti, a zatim, nadaju se Zeleni, planiranje biljaka kona\u010dno mo\u017ee zapo\u010deti brzo. \u201eOdluka gra\u0111ana u predmetu Freigericht pokazala je da je ve\u0107ina gra\u0111ana shvatila va\u017enost prelaska na obnovljivu energiju. Energija vjetra neizostavan je dio dosljednog zadovoljavanja energetskih potreba\", rekao je Cetiner. Ako je nakon detaljnog pregleda mogu\u0107a izgradnja postrojenja na odre\u0111enim podru\u010djima, to bi moglo dovesti i do prihoda za op\u0107insku riznicu. \u201eZeleni se nadaju da \u0107e druge op\u0107ine u okrugu Main-Kinzig pravodobno slijediti taj primjer ispitivanjem i kona\u010dno izgradnjom postrojenja za obnovljivu energiju i tako doprinijeti neovisnosti u opskrbi energijom.\u201d U Westkreisu bi tako\u0111er postojale mogu\u0107nosti s op\u0107inama Bruchk\u00f6bel, Maintal i Nidderau.<\/p>\n\n\n\n<p>Odbor kluba zastupnika okruga Reiner Bousonville, Viola Ha\u00dfdenteufel i Jakob M\u00e4hler tako\u0111er smatraju odluku gra\u0111ana \u201enedvojbenim glasom za energiju vjetra u okrugu Main-Kinzig i jasnim signalom CDU-u u Velikoj koaliciji u okrugu Main-Kinzig\u201d. Razlog je sljede\u0107i: \"Unato\u010d masovnoj kampanji dezinformiranja, potreban kvorum nije se mogao posti\u0107i me\u0111u protivnicima energije vjetra, za razliku od prista\u0161a \u0161irenja.\" Glasovanje u Freigerichtu tako\u0111er mora biti jasan znak politike okruga: \u201eVelika koalicija tek je nedavno odbila na\u0161 zahtjev za potporu uvo\u0111enju energije iz obnovljivih izvora. Sada o\u010dekujemo jasan znak, tako\u0111er od Landrata Stolza, da se udaljavaju od svog prethodnog puta. S obzirom na taj rezultat, nastavit \u0107emo raditi na \u0161irenju obnovljivih izvora energije. Jo\u0161 jednom, jasno je da ve\u0107ina glasova nisu ljudi u ve\u0107ini\", rekli su Bousonville, Ha\u00dfdenteufel i M\u00e4hler.<\/p>","protected":false},"excerpt":{"rendered":"<p>Izvr\u0161na vlast okruga i klub zastupnika Zelenih pozdravljaju odluku gra\u0111ana na Slobodnom sudu<\/p>","protected":false},"author":-1,"featured_media":1250,"comment_status":"open","ping_status":"open","sticky":false,"template":"","format":"standard","meta":{"footnotes":""},"categories":[1],"tags":[],"class_list":["post-1249","post","type-post","status-publish","format-standard","has-post-thumbnail","hentry","category-allgemein"],"_links":{"self":[{"href":"https:\/\/www.gruene-mkk.de\/hr\/wp-json\/wp\/v2\/posts\/1249","targetHints":{"allow":["GET"]}}],"collection":[{"href":"https:\/\/www.gruene-mkk.de\/hr\/wp-json\/wp\/v2\/posts"}],"about":[{"href":"https:\/\/www.gruene-mkk.de\/hr\/wp-json\/wp\/v2\/types\/post"}],"author":[{"embeddable":true,"href":"https:\/\/www.gruene-mkk.de\/hr\/wp-json\/wp\/v2\/users\/2"}],"replies":[{"embeddable":true,"href":"https:\/\/www.gruene-mkk.de\/hr\/wp-json\/wp\/v2\/comments?post=1249"}],"version-history":[{"count":1,"href":"https:\/\/www.gruene-mkk.de\/hr\/wp-json\/wp\/v2\/posts\/1249\/revisions"}],"predecessor-version":[{"id":1251,"href":"https:\/\/www.gruene-mkk.de\/hr\/wp-json\/wp\/v2\/posts\/1249\/revisions\/1251"}],"wp:featuredmedia":[{"embeddable":true,"href":"https:\/\/www.gruene-mkk.de\/hr\/wp-json\/wp\/v2\/media\/1250"}],"wp:attachment":[{"href":"https:\/\/www.gruene-mkk.de\/hr\/wp-json\/wp\/v2\/media?parent=1249"}],"wp:term":[{"taxonomy":"category","embeddable":true,"href":"https:\/\/www.gruene-mkk.de\/hr\/wp-json\/wp\/v2\/categories?post=1249"},{"taxonomy":"post_tag","embeddable":true,"href":"https:\/\/www.gruene-mkk.de\/hr\/wp-json\/wp\/v2\/tags?post=1249"}],"curies":[{"name":"wp","href":"https:\/\/api.w.org\/{rel}","templated":true}]}}