{"id":1037,"date":"2022-04-22T09:35:35","date_gmt":"2022-04-22T07:35:35","guid":{"rendered":"https:\/\/www.gruene-mkk.de\/?p=1037"},"modified":"2024-09-05T14:45:36","modified_gmt":"2024-09-05T12:45:36","slug":"akutes-marktversagen","status":"publish","type":"post","link":"https:\/\/www.gruene-mkk.de\/hr\/akutes-marktversagen\/","title":{"rendered":"Akutni tr\u017ei\u0161ni nedostatak"},"content":{"rendered":"<p><strong>Zeleni u Main-Kinzigu pozivaju Kreis na stvaranje cjenovno pristupa\u010dnog stanovanja<\/strong><\/p>\n\n\n\n<!--more-->\n\n\n\n<p>\"Postoji akutni tr\u017ei\u0161ni nedostatak u podru\u010dju cjenovno pristupa\u010dnog stanovanja\", ka\u017ee Viola Ha\u00dfdenteufel, glasnogovornica za socijalnu politiku i potpredsjednica Kluba zastupnika Zelenih. \u201ePosebno u vrijeme rasta cijena i visoke inflacije, vi\u0161e nije pravo vrijeme za izgradnju samo stambenih prostora za ljude koji bolje zara\u0111uju.\u201d<\/p>\n\n\n\n<p>Klub zastupnika Zelenih Main-Kinzig stoga je poslao zahtjev upravi okruga Main-Kinzig: \u201eOp\u0107enito, postavljamo krugu samo jedno pitanje: Koje je korake uprava poduzela prema najavljenom osnivanju stambenog poduze\u0107a u vlasni\u0161tvu okruga?\u201d Jasno je da tr\u017ei\u0161te \u201ene regulira taj problem samostalno. Naprotiv: Kako bi se ostvario jo\u0161 ve\u0107i povrat, grade se i iznajmljuju ili prodaju sve ve\u0107i i skuplji stanovi za velike iznose.\u201d<\/p>\n\n\n\n<p>Ako imate samo niske prihode, te\u0161ko mo\u017eete priu\u0161titi \u017eivjeti u gradovima kao \u0161to su Gelnhausen ili Hanau: \"Pristupa\u010dno stanovanje definira se tako da stan, uklju\u010duju\u0107i sve operativne tro\u0161kove, ne zahtijeva vi\u0161e od tre\u0107ine obujma ku\u0107anstva\", ka\u017ee Ha\u00dfdenteufel. Me\u0111utim, godinama se pojavila slika da \u201enovoizgra\u0111eni stanovi u urbanim podru\u010djima okruga obi\u010dno imaju \u010detveroznamenkasti iznos najma\u201d.<\/p>\n\n\n\n<p>Glavna uprava Kinzig-Kreis odgovorna je za kona\u010dno rje\u0161avanje te situacije: \u201eVelika koalicija, koja se sastoji od SPD-a i CDU-a, pro\u0161log je ljeta najavila da \u0107e rije\u0161iti tu situaciju osnivanjem stambene udruge u vlasni\u0161tvu okruga. Mi Zeleni smo obe\u0107ali potporu ovom projektu. Na\u017ealost, \u010dini se da se od tada ni\u0161ta nije dogodilo, osim \u0161to se jo\u0161 uvijek postoje\u0107e gra\u0111evinsko zemlji\u0161te nastavlja graditi skupim luksuznim stanovima\", kritizira Ha\u00dfdenteufel.<\/p>\n\n\n\n<p>Nije druga\u010dije objasniti da su va\u017eni projekti kruga tihi: \u201eUdruga za stanovanje okruga, zdravstvena akademija i plan razvoja \u0161kole samo su tri primjera u kojima postaje jasno da je velika koalicija usmjerena na upravljanje postoje\u0107om koalicijom. Posebno u smjeru okru\u017enih izbora sljede\u0107e godine, ne bi trebalo pobuditi nepotrebnu pra\u0161inu. Velika koalicija radije razmi\u0161lja o kreativnim opravdanjima kako bi odbila prijedloge oporbe i, zauzvrat, prestala raditi na sadr\u017eaju\", ka\u017ee Ha\u00dfdenteufel.<\/p>\n\n\n\n<p>Drugi primjer je Arbeitskreis Nahmobilit\u00e4t Hessen (AGNH): \"Ovo je udru\u017eenje okruga, gradova i op\u0107ina za ja\u010danje pje\u0161a\u010denja i vo\u017enje biciklom te za razvoj zajedni\u010dkih koncepata mobilnosti\", ka\u017ee Rainer Vogel, \u010dlan Odbora za promet. Velika koalicija odlu\u010dila je 2019. godine, tijekom odbijanja vi\u0161e novca za izgradnju biciklisti\u010dkih staza, barem da se pridru\u017ei AGNH-u.<\/p>\n\n\n\n<p>\u201eMe\u0111utim, Main-Kinzig-Kreis jo\u0161 uvijek nije uvr\u0161ten na popis \u010dlanova. Stoga se mo\u017ee pretpostaviti da je to jo\u0161 jednom bila nedovr\u0161ena inicijativa Velike koalicije.\" 19 od 21 okruga u Hessenu ve\u0107 su \u010dlanovi ovdje: \"Kao i regija Hessenovog eko-modela, i mi smo jedna od posljednjih \u017eupanija koja je sudjelovala u va\u017enim inicijativama\", zaklju\u010duje Vogel.<\/p>\n\n\n\n<hr class=\"wp-block-separator\"\/>\n\n\n\n<p>Upiti za:<\/p>\n\n\n\n<p>Jakob M\u00e4hler<br>Ravnatelj\/direktorica skupine<br>Savez 90 \/ Zeleni Main-Kinzig<\/p>\n\n\n\n<p>06181\/61596<br>0176\/46763336<\/p>\n\n\n\n<p>fraktion@gruene-mkk.de<\/p>","protected":false},"excerpt":{"rendered":"<p>Zeleni u Main-Kinzigu pozivaju Kreis na stvaranje cjenovno pristupa\u010dnog stanovanja<\/p>","protected":false},"author":-1,"featured_media":0,"comment_status":"open","ping_status":"open","sticky":false,"template":"","format":"standard","meta":{"footnotes":""},"categories":[2],"tags":[],"class_list":["post-1037","post","type-post","status-publish","format-standard","hentry","category-newskreistagsfraktion"],"_links":{"self":[{"href":"https:\/\/www.gruene-mkk.de\/hr\/wp-json\/wp\/v2\/posts\/1037","targetHints":{"allow":["GET"]}}],"collection":[{"href":"https:\/\/www.gruene-mkk.de\/hr\/wp-json\/wp\/v2\/posts"}],"about":[{"href":"https:\/\/www.gruene-mkk.de\/hr\/wp-json\/wp\/v2\/types\/post"}],"author":[{"embeddable":true,"href":"https:\/\/www.gruene-mkk.de\/hr\/wp-json\/wp\/v2\/users\/5"}],"replies":[{"embeddable":true,"href":"https:\/\/www.gruene-mkk.de\/hr\/wp-json\/wp\/v2\/comments?post=1037"}],"version-history":[{"count":1,"href":"https:\/\/www.gruene-mkk.de\/hr\/wp-json\/wp\/v2\/posts\/1037\/revisions"}],"predecessor-version":[{"id":1039,"href":"https:\/\/www.gruene-mkk.de\/hr\/wp-json\/wp\/v2\/posts\/1037\/revisions\/1039"}],"wp:attachment":[{"href":"https:\/\/www.gruene-mkk.de\/hr\/wp-json\/wp\/v2\/media?parent=1037"}],"wp:term":[{"taxonomy":"category","embeddable":true,"href":"https:\/\/www.gruene-mkk.de\/hr\/wp-json\/wp\/v2\/categories?post=1037"},{"taxonomy":"post_tag","embeddable":true,"href":"https:\/\/www.gruene-mkk.de\/hr\/wp-json\/wp\/v2\/tags?post=1037"}],"curies":[{"name":"wp","href":"https:\/\/api.w.org\/{rel}","templated":true}]}}