{"id":1033,"date":"2022-04-19T09:00:00","date_gmt":"2022-04-19T07:00:00","guid":{"rendered":"https:\/\/www.gruene-mkk.de\/?p=1033"},"modified":"2022-04-19T12:46:10","modified_gmt":"2022-04-19T10:46:10","slug":"nachhaltige-landwirtschaft-in-hessen","status":"publish","type":"post","link":"https:\/\/www.gruene-mkk.de\/hr\/nachhaltige-landwirtschaft-in-hessen\/","title":{"rendered":"Odr\u017eiva poljoprivreda u Hessenu"},"content":{"rendered":"<p>Priop\u0107enje za imenovanje: \u010cetvrtak, 29. travnja u 19:00 sati, Digital Stammtisch der Gr\u00fcnen Biebergem\u00fcnd s Hans-J\u00fcrgenom M\u00fcllerom, MdL<\/p>\n\n\n\n<!--more-->\n\n\n\n<p>Lokalna udruga Biebergem\u00fcnde B\u00fcndnis 90\/Die Gr\u00fcnen srda\u010dno vas poziva na digitalni Zeleni okrugli stol na temu \u201eOdr\u017eiva poljoprivreda u Hessenu\u201d. Zeleni okrugli stol otvoreno je doga\u0111anje za sve zainteresirane gra\u0111ane.<\/p>\n\n\n\n<p>Zadovoljstvo nam je pozdraviti Hans-J\u00fcrgena M\u00fcllera, iskusnog ekolo\u0161kog poljoprivrednika i glasnogovornika za poljoprivrednu politiku Zelene skupine u hessijskom parlamentu. Hans-J\u00fcrgen M\u00fcller intenzivno se bavi pitanjem koje su nam poljoprivredne politike potrebne za odr\u017eivu poljoprivredu u Hessenu te povezanim ciljevima i izazovima.<\/p>\n\n\n\n<p>Vi\u0161e informacija o doga\u0111anju mo\u017eete prona\u0107i ovdje: <a rel=\"noreferrer noopener\" href=\"https:\/\/gruenlink.de\/2ijr?fbclid=IwAR04ulwRa50sgsJ29APz2BSPwFybLCgU5eZttpZML1x4_IG6iX6vIzApsBQ\" target=\"_blank\">https:\/\/gruenlink.de\/2ijr<\/a><\/p>","protected":false},"excerpt":{"rendered":"<p>Priop\u0107enje za imenovanje: \u010cetvrtak, 29. travnja u 19:00 sati, Digital Stammtisch der Gr\u00fcnen Biebergem\u00fcnd s Hans-J\u00fcrgenom M\u00fcllerom, MdL<\/p>","protected":false},"author":-1,"featured_media":0,"comment_status":"open","ping_status":"open","sticky":false,"template":"","format":"standard","meta":{"footnotes":""},"categories":[1],"tags":[],"class_list":["post-1033","post","type-post","status-publish","format-standard","hentry","category-allgemein"],"_links":{"self":[{"href":"https:\/\/www.gruene-mkk.de\/hr\/wp-json\/wp\/v2\/posts\/1033","targetHints":{"allow":["GET"]}}],"collection":[{"href":"https:\/\/www.gruene-mkk.de\/hr\/wp-json\/wp\/v2\/posts"}],"about":[{"href":"https:\/\/www.gruene-mkk.de\/hr\/wp-json\/wp\/v2\/types\/post"}],"author":[{"embeddable":true,"href":"https:\/\/www.gruene-mkk.de\/hr\/wp-json\/wp\/v2\/users\/2"}],"replies":[{"embeddable":true,"href":"https:\/\/www.gruene-mkk.de\/hr\/wp-json\/wp\/v2\/comments?post=1033"}],"version-history":[{"count":2,"href":"https:\/\/www.gruene-mkk.de\/hr\/wp-json\/wp\/v2\/posts\/1033\/revisions"}],"predecessor-version":[{"id":1035,"href":"https:\/\/www.gruene-mkk.de\/hr\/wp-json\/wp\/v2\/posts\/1033\/revisions\/1035"}],"wp:attachment":[{"href":"https:\/\/www.gruene-mkk.de\/hr\/wp-json\/wp\/v2\/media?parent=1033"}],"wp:term":[{"taxonomy":"category","embeddable":true,"href":"https:\/\/www.gruene-mkk.de\/hr\/wp-json\/wp\/v2\/categories?post=1033"},{"taxonomy":"post_tag","embeddable":true,"href":"https:\/\/www.gruene-mkk.de\/hr\/wp-json\/wp\/v2\/tags?post=1033"}],"curies":[{"name":"wp","href":"https:\/\/api.w.org\/{rel}","templated":true}]}}