{"id":1028,"date":"2022-04-19T12:00:00","date_gmt":"2022-04-19T10:00:00","guid":{"rendered":"https:\/\/www.gruene-mkk.de\/?p=1028"},"modified":"2022-04-19T11:29:26","modified_gmt":"2022-04-19T09:29:26","slug":"leben-und-wirken-wird-nicht-vergessen-werden","status":"publish","type":"post","link":"https:\/\/www.gruene-mkk.de\/hr\/leben-und-wirken-wird-nicht-vergessen-werden\/","title":{"rendered":"\u017divot i rad ne\u0107e biti zaboravljeni"},"content":{"rendered":"<p><em>Green Main-Kinzig komentira smrt Ericha Pipe: \u201eJedan od najutjecajnijih politi\u010dara u krugu\u201d<\/em><\/p>\n\n\n\n<!--more-->\n\n\n\n<p>\"\u017dalimo za jednim od najutjecajnijih politi\u010dara u okrugu Main-Kinzig\", ka\u017eu izvr\u0161na direktorica parlamentarne skupine i izvr\u0161na direktorica okruga Greens Main-Kinzig, Reiner Bousonville, Viola Ha\u00dfdenteufel, Jakob M\u00e4hler i Ahmet Cetiner. \u201eS Erichom Pipom umrla je velika li\u010dnost iz okruga Main-Kinzig. Svojim neumornim naporima odlu\u010dno je oblikovao okrug Main-Kinzig.\u201d<\/p>\n\n\n\n<p>Suradnja s Erichom Pipom cijenjena je ne samo u vrijeme zajedni\u010dke koalicije: \u201eKao \u010dlan okru\u017enog vije\u0107a ravnopravno je govorio ne samo sa svojim nego i sa svim strankama. Za njega je suradnja bila va\u017ena u korist naroda regije Main-Kinzig-Kreis.\u201d Niti se sramio pokazati jasnu prednost: \u201eOsim neumornog rada i predanosti, ono zbog \u010dega je bio cijenjen i po\u0161tovan bio je njegov jasan stav o va\u017enim suvremenim doga\u0111ajima.\u201d<\/p>\n\n\n\n<p>Primjeri uklju\u010duju njegov nagon da \u201ejednostavno vodi brigu o dugotrajno nezaposlenim osobama u krugu ili njegov jasan stav prema boljem prihvatu, smje\u0161taju i skrbi za izbjeglice. Pucao je na pitanja i priznao im ih \u010dak i unato\u010d \u017eestokim vjetrovima.\u201d<\/p>\n\n\n\n<p>Time se osiguralo da je Pipa dobila priznanje me\u0111u strankama: \u201eOduvijek cijenimo suradnju izme\u0111u nas Zelenih i biv\u0161eg Landrata. Erich Pipa bio je dobrodo\u0161ao gost na\u0161e skupine kada smo se u Main-Kinzig-Kreisu suo\u010dili s velikim odlukama ili htjeli razmijeniti ideje o pojedina\u010dnim prioritetima.\u201d<\/p>\n\n\n\n<p>Na\u017ealost, on je tako\u0111er morao upoznati tamnu stranu. Zbog svog jasnog mi\u0161ljenja, primio je prijetnje smr\u0107u i opetovano je bio \u017ertva neprijateljstva. Me\u0111utim, umjesto da se povu\u010de, nastavio se zalagati za svoje mi\u0161ljenje. To jasno pokazuje okosnicu i borbeni duh Ericha Pipe, koji je kao sporniji, ali uvijek kao partner za po\u0161tenu raspravu \u017eelio posti\u0107i i postigao stalno pobolj\u0161anje kruga\", rekao je odbor okru\u017enog parlamentarnog kluba i okru\u017enog odbora.<\/p>\n\n\n\n<p>To uklju\u010duje i \u0161irenje \u0161irokopojasne infrastrukture, koja je u to vrijeme bila jedinstvena u Njema\u010dkoj u toj veli\u010dini: \u201eBilo je neobi\u010dno da krug jednostavno uspostavi internet za sama poduze\u0107a i privatne osobe, a zahvaljuju\u0107i biv\u0161em okru\u017enom upravitelju, koji je umjesto da \u010deka druge, radije izravno rje\u0161avao problem.\u201d<\/p>\n\n\n\n<p>Postavio je mnoge temelje u krug i napisao mnoge pri\u010de o uspjehu: \u201eBez obzira na to je li rije\u010d o socijalnoj politici ili razvoju doma\u0107e infrastrukture. Tijekom proteklih nekoliko godina uspjeli smo nadograditi te pri\u010de o uspjehu i mo\u017eemo ih nadograditi u budu\u0107nosti. \u017divot i djelo Ericha Pipe ne\u0107e biti zaboravljeni\", zaklju\u010duje odbor Kreistagsfraaktiona i Kreisvorstanda.<\/p>","protected":false},"excerpt":{"rendered":"<p>Green Main-Kinzig komentira smrt Ericha Pipe: \u201eJedan od najutjecajnijih politi\u010dara u krugu\u201d<\/p>","protected":false},"author":-1,"featured_media":1029,"comment_status":"open","ping_status":"open","sticky":false,"template":"","format":"standard","meta":{"footnotes":""},"categories":[1,2],"tags":[],"class_list":["post-1028","post","type-post","status-publish","format-standard","has-post-thumbnail","hentry","category-allgemein","category-newskreistagsfraktion"],"_links":{"self":[{"href":"https:\/\/www.gruene-mkk.de\/hr\/wp-json\/wp\/v2\/posts\/1028","targetHints":{"allow":["GET"]}}],"collection":[{"href":"https:\/\/www.gruene-mkk.de\/hr\/wp-json\/wp\/v2\/posts"}],"about":[{"href":"https:\/\/www.gruene-mkk.de\/hr\/wp-json\/wp\/v2\/types\/post"}],"author":[{"embeddable":true,"href":"https:\/\/www.gruene-mkk.de\/hr\/wp-json\/wp\/v2\/users\/2"}],"replies":[{"embeddable":true,"href":"https:\/\/www.gruene-mkk.de\/hr\/wp-json\/wp\/v2\/comments?post=1028"}],"version-history":[{"count":1,"href":"https:\/\/www.gruene-mkk.de\/hr\/wp-json\/wp\/v2\/posts\/1028\/revisions"}],"predecessor-version":[{"id":1030,"href":"https:\/\/www.gruene-mkk.de\/hr\/wp-json\/wp\/v2\/posts\/1028\/revisions\/1030"}],"wp:featuredmedia":[{"embeddable":true,"href":"https:\/\/www.gruene-mkk.de\/hr\/wp-json\/wp\/v2\/media\/1029"}],"wp:attachment":[{"href":"https:\/\/www.gruene-mkk.de\/hr\/wp-json\/wp\/v2\/media?parent=1028"}],"wp:term":[{"taxonomy":"category","embeddable":true,"href":"https:\/\/www.gruene-mkk.de\/hr\/wp-json\/wp\/v2\/categories?post=1028"},{"taxonomy":"post_tag","embeddable":true,"href":"https:\/\/www.gruene-mkk.de\/hr\/wp-json\/wp\/v2\/tags?post=1028"}],"curies":[{"name":"wp","href":"https:\/\/api.w.org\/{rel}","templated":true}]}}