{"id":1023,"date":"2022-04-14T12:03:19","date_gmt":"2022-04-14T10:03:19","guid":{"rendered":"https:\/\/www.gruene-mkk.de\/?p=1023"},"modified":"2022-04-14T12:08:51","modified_gmt":"2022-04-14T10:08:51","slug":"gruene-main-kinzig-sprechen-ueber-waldschutz","status":"publish","type":"post","link":"https:\/\/www.gruene-mkk.de\/hr\/gruene-main-kinzig-sprechen-ueber-waldschutz\/","title":{"rendered":"Zeleni Main-Kinzig govori o za\u0161titi \u0161uma"},"content":{"rendered":"<p>Predstavnici lokalnih udruga i parlamentarnih skupina Zelenih u okrugu Main-Kinzig razmijenili su 12. travnja 2022. na internetu mi\u0161ljenja s Martinom Feldmayer, glasnogovornicom Kluba zastupnika Zelenih za za\u0161titu okoli\u0161a i klime, o za\u0161titi \u0161uma u Hessenu.<\/p>\n\n\n\n<p>Tijekom sudjelovanja u vladi, Zeleni Hessena postigli su mnogo za za\u0161titu hesijskih \u0161uma, kao \u0161to je ciljani udio prirodnih \u0161uma na 10.% pove\u0107anje, certificiranje FSC-a za hesijske \u0161ume i sna\u017enija za\u0161tita Bannwalda.<\/p>\n\n\n\n<p>Kako bi se postigli ciljevi na razini zemlji\u0161ta, za\u0161tita \u0161uma mora se promicati i na op\u0107inskoj razini. Zastupnici u dr\u017eavnom parlamentu dali su korisne savjete i argumente kojima na\u0161i lokalni politi\u010dari mogu podnijeti zahtjeve za za\u0161titu \u0161uma.<\/p>\n\n\n\n<p><\/p>","protected":false},"excerpt":{"rendered":"<p>Dana 12. travnja 2022. predstavnici lokalnih udruga i parlamentarnih klubova Zelenih u okrugu Main-Kinzig razmijenili su mi\u0161ljenja na internetu s Martinom Feldmayer, glasnogovornicom za za\u0161titu okoli\u0161a i klime [...]<\/p>","protected":false},"author":-1,"featured_media":0,"comment_status":"open","ping_status":"open","sticky":false,"template":"","format":"standard","meta":{"footnotes":""},"categories":[1,4],"tags":[],"class_list":["post-1023","post","type-post","status-publish","format-standard","hentry","category-allgemein","category-newsortsverbaende"],"_links":{"self":[{"href":"https:\/\/www.gruene-mkk.de\/hr\/wp-json\/wp\/v2\/posts\/1023","targetHints":{"allow":["GET"]}}],"collection":[{"href":"https:\/\/www.gruene-mkk.de\/hr\/wp-json\/wp\/v2\/posts"}],"about":[{"href":"https:\/\/www.gruene-mkk.de\/hr\/wp-json\/wp\/v2\/types\/post"}],"author":[{"embeddable":true,"href":"https:\/\/www.gruene-mkk.de\/hr\/wp-json\/wp\/v2\/users\/2"}],"replies":[{"embeddable":true,"href":"https:\/\/www.gruene-mkk.de\/hr\/wp-json\/wp\/v2\/comments?post=1023"}],"version-history":[{"count":2,"href":"https:\/\/www.gruene-mkk.de\/hr\/wp-json\/wp\/v2\/posts\/1023\/revisions"}],"predecessor-version":[{"id":1026,"href":"https:\/\/www.gruene-mkk.de\/hr\/wp-json\/wp\/v2\/posts\/1023\/revisions\/1026"}],"wp:attachment":[{"href":"https:\/\/www.gruene-mkk.de\/hr\/wp-json\/wp\/v2\/media?parent=1023"}],"wp:term":[{"taxonomy":"category","embeddable":true,"href":"https:\/\/www.gruene-mkk.de\/hr\/wp-json\/wp\/v2\/categories?post=1023"},{"taxonomy":"post_tag","embeddable":true,"href":"https:\/\/www.gruene-mkk.de\/hr\/wp-json\/wp\/v2\/tags?post=1023"}],"curies":[{"name":"wp","href":"https:\/\/api.w.org\/{rel}","templated":true}]}}