{"id":1014,"date":"2022-04-08T14:00:41","date_gmt":"2022-04-08T12:00:41","guid":{"rendered":"https:\/\/www.gruene-mkk.de\/?p=1014"},"modified":"2022-04-08T14:09:33","modified_gmt":"2022-04-08T12:09:33","slug":"wiederwahl-zum-ersten-stadtrat","status":"publish","type":"post","link":"https:\/\/www.gruene-mkk.de\/hr\/wiederwahl-zum-ersten-stadtrat\/","title":{"rendered":"Ponovni izbori za prvo gradsko vije\u0107e"},"content":{"rendered":"<p>\u010cestitamo Raineru Vogelu na ponovnom izboru za prvog gradskog vije\u0107nika grada Nidderaua!<\/p>\n\n\n\n<!--more-->\n\n\n\n<p>Gradsko vije\u0107e grada Nidderaua 7. travnja 2022. potvrdilo je da je poljoprivredni in\u017eenjer i zeleni \u010dlan Rainer Vogel prvi gradski vije\u0107nik. Aktivan je kao gradski vije\u0107nik od 2016. i trenuta\u010dno je jedini stalni zeleni politi\u010dar u okrugu Main-Kinzig. Osim \u0161to radi kao gradski vije\u0107nik, \u010dlan je parlamentarne skupine Zelenog okruga, gdje se uglavnom bavi za\u0161titom okoli\u0161a i poljoprivredom.<\/p>\n\n\n\n<p>\u017dupanija je zadovoljna njegovim ponovnim izborom. Zahvaljujemo Raineru Vogelu na njegovom radu i \u017eelimo mu sve najbolje i puno uspjeha!<\/p>","protected":false},"excerpt":{"rendered":"<p>\u010cestitamo Raineru Vogelu na ponovnom izboru za prvog gradskog vije\u0107nika grada Nidderaua!<\/p>","protected":false},"author":-1,"featured_media":1015,"comment_status":"open","ping_status":"open","sticky":false,"template":"","format":"standard","meta":{"footnotes":""},"categories":[4],"tags":[],"class_list":["post-1014","post","type-post","status-publish","format-standard","has-post-thumbnail","hentry","category-newsortsverbaende"],"_links":{"self":[{"href":"https:\/\/www.gruene-mkk.de\/hr\/wp-json\/wp\/v2\/posts\/1014","targetHints":{"allow":["GET"]}}],"collection":[{"href":"https:\/\/www.gruene-mkk.de\/hr\/wp-json\/wp\/v2\/posts"}],"about":[{"href":"https:\/\/www.gruene-mkk.de\/hr\/wp-json\/wp\/v2\/types\/post"}],"author":[{"embeddable":true,"href":"https:\/\/www.gruene-mkk.de\/hr\/wp-json\/wp\/v2\/users\/2"}],"replies":[{"embeddable":true,"href":"https:\/\/www.gruene-mkk.de\/hr\/wp-json\/wp\/v2\/comments?post=1014"}],"version-history":[{"count":3,"href":"https:\/\/www.gruene-mkk.de\/hr\/wp-json\/wp\/v2\/posts\/1014\/revisions"}],"predecessor-version":[{"id":1018,"href":"https:\/\/www.gruene-mkk.de\/hr\/wp-json\/wp\/v2\/posts\/1014\/revisions\/1018"}],"wp:featuredmedia":[{"embeddable":true,"href":"https:\/\/www.gruene-mkk.de\/hr\/wp-json\/wp\/v2\/media\/1015"}],"wp:attachment":[{"href":"https:\/\/www.gruene-mkk.de\/hr\/wp-json\/wp\/v2\/media?parent=1014"}],"wp:term":[{"taxonomy":"category","embeddable":true,"href":"https:\/\/www.gruene-mkk.de\/hr\/wp-json\/wp\/v2\/categories?post=1014"},{"taxonomy":"post_tag","embeddable":true,"href":"https:\/\/www.gruene-mkk.de\/hr\/wp-json\/wp\/v2\/tags?post=1014"}],"curies":[{"name":"wp","href":"https:\/\/api.w.org\/{rel}","templated":true}]}}