{"id":1009,"date":"2022-03-07T12:32:00","date_gmt":"2022-03-07T11:32:00","guid":{"rendered":"https:\/\/www.gruene-mkk.de\/?p=1009"},"modified":"2022-04-07T12:59:52","modified_gmt":"2022-04-07T10:59:52","slug":"neustart-in-neuberg","status":"publish","type":"post","link":"https:\/\/www.gruene-mkk.de\/hr\/neustart-in-neuberg\/","title":{"rendered":"Ponovno pokretanje u Neubergu"},"content":{"rendered":"<p>Andrea H\u00fcller i Andreas K\u00f6gel izabrani za novog predsjednika Gr\u00fcnea Neuberga<\/p>\n\n\n\n<!--more-->\n\n\n\n<p>\u010clanovi B\u00fcndnis90\/GR\u00dcNE i zainteresirani gra\u0111ani sastali su se 4. o\u017eujka 2022. na op\u0107oj skup\u0161tini u B\u00fcrgerhausu. Pozdravili su ih drugi. Predsjednik lokalne udruge, Markus Walther. Napomenuo je da su pozivi ispravno upu\u0107eni, a zatim je dao rije\u010d onima koji su prisutni u okru\u017enoj udruzi. <\/p>\n\n\n\n<p>Okru\u017ena udruga, koju su predstavljali Mareike Forchheim, Ahmet Cetiner i Joachim Nickel, zatim je vodila kroz daljnji tijek ve\u010deri. Za predstoje\u0107e izbore za Izvr\u0161ni odbor dva kandidata pristala su u budu\u0107nosti voditi lokalnu udrugu GR\u00dcNE Neuberg\/Hessen.<\/p>\n\n\n\n<p>Andreas K\u00f6gl i Andrea H\u00fcller jednoglasno su izabrani u Izvr\u0161ni odbor. Posebno zahvaljujemo sudionicima okru\u017enog odbora koji su nam ve\u010deras uzeli puno vremena i strpljivo nas upoznali s redizajnom lokalne udruge. Veliko hvala i na\u0161em dugogodi\u0161njem \u010dlanu Werneru Kunkelu na njegovoj nazo\u010dnosti, kao i prethodnom drugom predsjedniku, Markusu Waltheru, koji je podnio ostavku na du\u017enost, jer \u0107e u bliskoj budu\u0107nosti preseliti svoje sredi\u0161te \u017eivota u Sasku-Anhalt.<\/p>","protected":false},"excerpt":{"rendered":"<p>Andrea H\u00fcller i Andreas K\u00f6gel izabrani za novog predsjednika Gr\u00fcnea Neuberga<\/p>","protected":false},"author":-1,"featured_media":1010,"comment_status":"open","ping_status":"open","sticky":false,"template":"","format":"standard","meta":{"footnotes":""},"categories":[4],"tags":[],"class_list":["post-1009","post","type-post","status-publish","format-standard","has-post-thumbnail","hentry","category-newsortsverbaende"],"_links":{"self":[{"href":"https:\/\/www.gruene-mkk.de\/hr\/wp-json\/wp\/v2\/posts\/1009","targetHints":{"allow":["GET"]}}],"collection":[{"href":"https:\/\/www.gruene-mkk.de\/hr\/wp-json\/wp\/v2\/posts"}],"about":[{"href":"https:\/\/www.gruene-mkk.de\/hr\/wp-json\/wp\/v2\/types\/post"}],"author":[{"embeddable":true,"href":"https:\/\/www.gruene-mkk.de\/hr\/wp-json\/wp\/v2\/users\/2"}],"replies":[{"embeddable":true,"href":"https:\/\/www.gruene-mkk.de\/hr\/wp-json\/wp\/v2\/comments?post=1009"}],"version-history":[{"count":1,"href":"https:\/\/www.gruene-mkk.de\/hr\/wp-json\/wp\/v2\/posts\/1009\/revisions"}],"predecessor-version":[{"id":1011,"href":"https:\/\/www.gruene-mkk.de\/hr\/wp-json\/wp\/v2\/posts\/1009\/revisions\/1011"}],"wp:featuredmedia":[{"embeddable":true,"href":"https:\/\/www.gruene-mkk.de\/hr\/wp-json\/wp\/v2\/media\/1010"}],"wp:attachment":[{"href":"https:\/\/www.gruene-mkk.de\/hr\/wp-json\/wp\/v2\/media?parent=1009"}],"wp:term":[{"taxonomy":"category","embeddable":true,"href":"https:\/\/www.gruene-mkk.de\/hr\/wp-json\/wp\/v2\/categories?post=1009"},{"taxonomy":"post_tag","embeddable":true,"href":"https:\/\/www.gruene-mkk.de\/hr\/wp-json\/wp\/v2\/tags?post=1009"}],"curies":[{"name":"wp","href":"https:\/\/api.w.org\/{rel}","templated":true}]}}