{"id":1006,"date":"2022-03-08T12:18:00","date_gmt":"2022-03-08T11:18:00","guid":{"rendered":"https:\/\/www.gruene-mkk.de\/?p=1006"},"modified":"2022-04-07T12:21:34","modified_gmt":"2022-04-07T10:21:34","slug":"klima-resilienz-foerdern-innovationen-vorantreiben","status":"publish","type":"post","link":"https:\/\/www.gruene-mkk.de\/hr\/klima-resilienz-foerdern-innovationen-vorantreiben\/","title":{"rendered":"Promicanje otpornosti na klimatske promjene \u2013 poticanje inovacija"},"content":{"rendered":"<p> \u2013 Zeleni glavni kinzig u razgovoru s industrijskom i trgovinskom komorom Hanau-Gelnhausen-Schl\u00fcchtern<\/p>\n\n\n\n<!--more-->\n\n\n\n<p>\u010clanovi okru\u017enog i parlamentarnog odbora Green Main-Kinziga sastali su se 1. o\u017eujka 2022. s dr. Guntherom Quiddeom, glavnim direktorom Trgova\u010dke i industrijske komore Hanau-Gelnhausen-Schl\u00fcchtern.<\/p>\n\n\n\n<p>Reiner Bousonville, predsjednik Zelene skupine u okru\u017enom vije\u0107u, pozdravio je osnivanje Radne skupine CCI-ja za klimatske promjene. \u201ePrimite na\u0161u suradnju u podru\u010dju \u017eeljezni\u010dkog prometa kao primjer 2021. i sura\u0111ujte kako bismo oja\u010dali otpornost poduze\u0107a u okrugu na klimatske promjene i potaknuli preobrazbu srednjeg gospodarstva u konkurentnu odr\u017eivost.\u201d<\/p>\n\n\n\n<p>Ahmet Cetiner, glasnogovornik okru\u017enog odbora Zelenih i poduzetnika u okrugu, izjavio je: \u201e\u017deljeli bismo intenzivirati razmjenu mi\u0161ljenja s Gospodarskom komorom o poduze\u0107ima koja ve\u0107 proizvode na odr\u017eiv na\u010din ili na odr\u017eiv na\u010din uskla\u0111uju svoju korporativnu strategiju te bismo \u017eeljeli tra\u017eiti lokalne rasprave zajedno s Gospodarskom komorom\u201d.<\/p>\n\n\n\n<p>Maria Heider, tako\u0111er \u010dlanica okru\u017enog odbora, postavila je pitanje o izravnom i neizravnom utjecaju rata na tvrtke u okrugu Main-Kinzig.\u00a0#Ukrajina i sankcije\u00a0#Rusiji. Dr. Quidde bio je zadovoljan stimulativnim razgovorom i izrazio je potporu \"zelenima koji nastavljaju otvoreni i nepristrani dijalog s na\u0161im tvrtkama\".<\/p>","protected":false},"excerpt":{"rendered":"<p>\u2013 Zeleni glavni kinzig u razgovoru s industrijskom i trgovinskom komorom Hanau-Gelnhausen-Schl\u00fcchtern<\/p>","protected":false},"author":-1,"featured_media":1007,"comment_status":"open","ping_status":"open","sticky":false,"template":"","format":"standard","meta":{"footnotes":""},"categories":[1],"tags":[],"class_list":["post-1006","post","type-post","status-publish","format-standard","has-post-thumbnail","hentry","category-allgemein"],"_links":{"self":[{"href":"https:\/\/www.gruene-mkk.de\/hr\/wp-json\/wp\/v2\/posts\/1006","targetHints":{"allow":["GET"]}}],"collection":[{"href":"https:\/\/www.gruene-mkk.de\/hr\/wp-json\/wp\/v2\/posts"}],"about":[{"href":"https:\/\/www.gruene-mkk.de\/hr\/wp-json\/wp\/v2\/types\/post"}],"author":[{"embeddable":true,"href":"https:\/\/www.gruene-mkk.de\/hr\/wp-json\/wp\/v2\/users\/2"}],"replies":[{"embeddable":true,"href":"https:\/\/www.gruene-mkk.de\/hr\/wp-json\/wp\/v2\/comments?post=1006"}],"version-history":[{"count":1,"href":"https:\/\/www.gruene-mkk.de\/hr\/wp-json\/wp\/v2\/posts\/1006\/revisions"}],"predecessor-version":[{"id":1008,"href":"https:\/\/www.gruene-mkk.de\/hr\/wp-json\/wp\/v2\/posts\/1006\/revisions\/1008"}],"wp:featuredmedia":[{"embeddable":true,"href":"https:\/\/www.gruene-mkk.de\/hr\/wp-json\/wp\/v2\/media\/1007"}],"wp:attachment":[{"href":"https:\/\/www.gruene-mkk.de\/hr\/wp-json\/wp\/v2\/media?parent=1006"}],"wp:term":[{"taxonomy":"category","embeddable":true,"href":"https:\/\/www.gruene-mkk.de\/hr\/wp-json\/wp\/v2\/categories?post=1006"},{"taxonomy":"post_tag","embeddable":true,"href":"https:\/\/www.gruene-mkk.de\/hr\/wp-json\/wp\/v2\/tags?post=1006"}],"curies":[{"name":"wp","href":"https:\/\/api.w.org\/{rel}","templated":true}]}}