{"id":912,"date":"2022-02-24T11:49:26","date_gmt":"2022-02-24T10:49:26","guid":{"rendered":"https:\/\/www.gruene-mkk.de\/?p=912"},"modified":"2022-02-24T11:49:27","modified_gmt":"2022-02-24T10:49:27","slug":"gedenken-an-die-opfer-des-rassistischen-anschlags-in-hanau-vor-zwei-jahren","status":"publish","type":"post","link":"https:\/\/www.gruene-mkk.de\/fr\/gedenken-an-die-opfer-des-rassistischen-anschlags-in-hanau-vor-zwei-jahren\/","title":{"rendered":"Hommage aux victimes de l'attentat raciste de Hanau il y a deux ans"},"content":{"rendered":"<p>Samedi dernier, l'horrible attentat raciste \u00e0 Hanau a f\u00eat\u00e9 son deuxi\u00e8me anniversaire. De nombreux membres de l'Alliance 90\/Les Verts Main-Kinzig, membres des groupes parlementaires du Landtag et du Bundestag, ont rendu hommage aux victimes lors du rassemblement officiel sur la place du march\u00e9 \u00e0 Hanau. <\/p>\n\n\n\n<p>Le m\u00eame soir, Gr\u00fcne Jugend, Kreisverband Main-Kinzig et le Ortsverband der Gr\u00fcnen Hanau ont invit\u00e9 \u00e0 une table ronde en ligne intitul\u00e9e: \u00abQu'est-ce qui a chang\u00e9 depuis l'attentat?\u00bb L\u2019animatrice Mahwish Iftikhar, membre du groupe parlementaire du parti des Verts Main-Kinzig, avait attir\u00e9 des intervenants de premier plan tels que Lara Klaes (porte-parole de la jeunesse verte de Hesse), Vanessa Gronemann (membre du groupe parlementaire du Land), Omid Nouripour (pr\u00e9sident de l\u2019association f\u00e9d\u00e9rale B90\/Verts), Markus Bocklet (membre du groupe parlementaire du Land) et Robert Erkan (mandataire municipal des Verts de Hanau), qui ont \u00e9chang\u00e9 avec les nombreux participants \u00e0 la suite de ses interventions.<\/p>\n\n\n\n<p>Dans son allocution vid\u00e9o, Omid Nouripour a d\u00e9crit l'incision que l'attentat a signifi\u00e9 pour l'Allemagne, pour les personnes ayant une histoire migratoire en particulier et pour lui personnellement. \u00abNous devons lutter contre le racisme \u00e0 tous les niveaux. Il s'agit notamment de lutter contre la haine et les discours de haine, que ce soit au Parlement, \u00e0 la cantine ou au<br>cour d\u2019\u00e9cole\u00bb, a d\u00e9clar\u00e9 Nouripour. Car il est clair que le racisme structurel et quotidien est loin d'appartenir au pass\u00e9. C'est ce qu'a soulign\u00e9 Lara Klaes dans son intervention.<\/p>\n\n\n\n<p>En ce qui concerne l'attentat de Hanau, Robert Erkan est conscient de l'importance de l'\u00e9ducation, du traitement et de l'aide financi\u00e8re aux familles des victimes. Erkan a \u00e9t\u00e9 nomm\u00e9 repr\u00e9sentant des victimes de la ville de Hanau imm\u00e9diatement apr\u00e8s les faits. L'\u00e9ducation aide les familles \u00e0 traiter l'acte horrible dont leurs proches ont \u00e9t\u00e9 victimes, m\u00eame si elle ne peut pas r\u00e9parer l'acte et ses cons\u00e9quences.<\/p>\n\n\n\n<p>Apr\u00e8s l'attentat, le Parti Vert, par sa participation au gouvernement du Land, a une responsabilit\u00e9 particuli\u00e8re dans l'\u00e9lucidation des faits et l'indemnisation des familles des victimes et des survivants de l'attentat. Vanessa Gronemann, responsable des Verts au sein de la commission d'enqu\u00eate, a rendu compte de l'\u00e9tat d'avancement des travaux de la commission d'enqu\u00eate au parlement du Land de Hesse et du fonds pour les victimes mis en place.<\/p>\n\n\n\n<figure class=\"wp-block-gallery columns-2 is-cropped wp-block-gallery-1 is-layout-flex wp-block-gallery-is-layout-flex\"><ul class=\"blocks-gallery-grid\"><li class=\"blocks-gallery-item\"><figure><img loading=\"lazy\" decoding=\"async\" width=\"800\" height=\"533\" src=\"http:\/\/www.gruene-mkk.de\/wp-content\/uploads\/2022\/02\/IMG_0121-800x533.jpg\" alt=\"Kundg\" data-id=\"924\" data-full-url=\"http:\/\/www.gruene-mkk.de\/wp-content\/uploads\/2022\/02\/IMG_0121-scaled.jpg\" data-link=\"https:\/\/www.gruene-mkk.de\/?attachment_id=924\" class=\"wp-image-924\" srcset=\"https:\/\/www.gruene-mkk.de\/wp-content\/uploads\/2022\/02\/IMG_0121-800x533.jpg 800w, https:\/\/www.gruene-mkk.de\/wp-content\/uploads\/2022\/02\/IMG_0121-400x267.jpg 400w, https:\/\/www.gruene-mkk.de\/wp-content\/uploads\/2022\/02\/IMG_0121-768x512.jpg 768w, https:\/\/www.gruene-mkk.de\/wp-content\/uploads\/2022\/02\/IMG_0121-1536x1024.jpg 1536w, https:\/\/www.gruene-mkk.de\/wp-content\/uploads\/2022\/02\/IMG_0121-2048x1365.jpg 2048w\" sizes=\"auto, (max-width: 800px) 100vw, 800px\" \/><figcaption class=\"blocks-gallery-item__caption\">Rassemblement pour le 2e anniversaire sur la place du march\u00e9 \u00e0 Hanau<\/figcaption><\/figure><\/li><li class=\"blocks-gallery-item\"><figure><img loading=\"lazy\" decoding=\"async\" width=\"800\" height=\"600\" src=\"http:\/\/www.gruene-mkk.de\/wp-content\/uploads\/2022\/02\/IMG_1661-800x600.jpg\" alt=\"Vert MKK-MdL-MdB\" data-id=\"923\" data-full-url=\"http:\/\/www.gruene-mkk.de\/wp-content\/uploads\/2022\/02\/IMG_1661-scaled.jpg\" data-link=\"https:\/\/www.gruene-mkk.de\/?attachment_id=923\" class=\"wp-image-923\" srcset=\"https:\/\/www.gruene-mkk.de\/wp-content\/uploads\/2022\/02\/IMG_1661-800x600.jpg 800w, https:\/\/www.gruene-mkk.de\/wp-content\/uploads\/2022\/02\/IMG_1661-400x300.jpg 400w, https:\/\/www.gruene-mkk.de\/wp-content\/uploads\/2022\/02\/IMG_1661-768x576.jpg 768w, https:\/\/www.gruene-mkk.de\/wp-content\/uploads\/2022\/02\/IMG_1661-1536x1152.jpg 1536w, https:\/\/www.gruene-mkk.de\/wp-content\/uploads\/2022\/02\/IMG_1661-2048x1536.jpg 2048w\" sizes=\"auto, (max-width: 800px) 100vw, 800px\" \/><figcaption class=\"blocks-gallery-item__caption\">MKK vert avec des d\u00e9put\u00e9s du Bundestag et du Landtag avant le rassemblement<\/figcaption><\/figure><\/li><\/ul><\/figure>","protected":false},"excerpt":{"rendered":"<p>Samedi dernier, l'horrible attentat raciste \u00e0 Hanau a f\u00eat\u00e9 son deuxi\u00e8me anniversaire. De nombreux membres de l'Alliance 90\/Les Verts Main-Kinzig, membres des groupes parlementaires du Landtag et du Bundestag, ont comm\u00e9mor\u00e9 les victimes [...]<\/p>","protected":false},"author":-1,"featured_media":922,"comment_status":"open","ping_status":"open","sticky":false,"template":"","format":"standard","meta":{"footnotes":""},"categories":[1],"tags":[],"class_list":["post-912","post","type-post","status-publish","format-standard","has-post-thumbnail","hentry","category-allgemein"],"_links":{"self":[{"href":"https:\/\/www.gruene-mkk.de\/fr\/wp-json\/wp\/v2\/posts\/912","targetHints":{"allow":["GET"]}}],"collection":[{"href":"https:\/\/www.gruene-mkk.de\/fr\/wp-json\/wp\/v2\/posts"}],"about":[{"href":"https:\/\/www.gruene-mkk.de\/fr\/wp-json\/wp\/v2\/types\/post"}],"author":[{"embeddable":true,"href":"https:\/\/www.gruene-mkk.de\/fr\/wp-json\/wp\/v2\/users\/2"}],"replies":[{"embeddable":true,"href":"https:\/\/www.gruene-mkk.de\/fr\/wp-json\/wp\/v2\/comments?post=912"}],"version-history":[{"count":3,"href":"https:\/\/www.gruene-mkk.de\/fr\/wp-json\/wp\/v2\/posts\/912\/revisions"}],"predecessor-version":[{"id":926,"href":"https:\/\/www.gruene-mkk.de\/fr\/wp-json\/wp\/v2\/posts\/912\/revisions\/926"}],"wp:featuredmedia":[{"embeddable":true,"href":"https:\/\/www.gruene-mkk.de\/fr\/wp-json\/wp\/v2\/media\/922"}],"wp:attachment":[{"href":"https:\/\/www.gruene-mkk.de\/fr\/wp-json\/wp\/v2\/media?parent=912"}],"wp:term":[{"taxonomy":"category","embeddable":true,"href":"https:\/\/www.gruene-mkk.de\/fr\/wp-json\/wp\/v2\/categories?post=912"},{"taxonomy":"post_tag","embeddable":true,"href":"https:\/\/www.gruene-mkk.de\/fr\/wp-json\/wp\/v2\/tags?post=912"}],"curies":[{"name":"wp","href":"https:\/\/api.w.org\/{rel}","templated":true}]}}