{"id":909,"date":"2022-02-18T14:31:07","date_gmt":"2022-02-18T13:31:07","guid":{"rendered":"https:\/\/www.gruene-mkk.de\/?p=909"},"modified":"2022-02-18T14:31:09","modified_gmt":"2022-02-18T13:31:09","slug":"am-radverkehrskonzept-beteiligen","status":"publish","type":"post","link":"https:\/\/www.gruene-mkk.de\/fr\/am-radverkehrskonzept-beteiligen\/","title":{"rendered":"Participer au concept de cyclisme"},"content":{"rendered":"<p><strong>Groupe des Verts: Participer \u00e0 une enqu\u00eate en ligne sur les actions \/ Les mots doivent \u00eatre suivis d'actes<\/strong><\/p>\n\n\n\n<!--more-->\n\n\n\n<p>Le groupe des Verts invite les citoyens du district \u00e0 participer au vote en ligne sur le concept de v\u00e9lo: \u00abD\u2019ici la fin du mois de f\u00e9vrier, il sera possible d\u2019\u00e9valuer et de commenter les quelque 300 mesures\u00bb, a d\u00e9clar\u00e9 Bernd Wietzorek, membre de la commission des transports et de l\u2019environnement.<\/p>\n\n\n\n<p>Pour Wietzorek, \u00abil est clair que la mobilit\u00e9 changera dans les ann\u00e9es \u00e0 venir. Le v\u00e9lo va prendre de plus en plus d\u2019importance.\u00bb Ces derni\u00e8res ann\u00e9es, il a \u00e9t\u00e9 clairement d\u00e9montr\u00e9 \u00abque nous avons encore beaucoup d\u2019air \u00e0 l\u2019\u00e9tage dans ce cercle. Le th\u00e8me des \u00abpistes cyclables\u00bb continue d\u2019\u00eatre trait\u00e9 par la grande coalition au sein du cercle, au lieu de faire preuve d\u2019une volont\u00e9 concr\u00e8te de mise en \u0153uvre.\u00bb C\u2019est pourquoi le groupe se r\u00e9jouit \u00e0 pr\u00e9sent de la participation des citoyens: \u00abLes premiers jours ont montr\u00e9 que de nombreuses personnes sont int\u00e9ress\u00e9es \u00e0 participer activement \u00e0 la mise en place d\u2019un r\u00e9seau de pistes cyclables circulaires sur l\u2019ensemble du territoire.\u00bb<\/p>\n\n\n\n<p>Les \u00e9valuations sur le portail en ligne donnent la priorit\u00e9 aux propositions de mesures \u00e9labor\u00e9es par le bureau d\u2019\u00e9tudes \u00abRV-K\u00bb de Francfort. Chaque proposition est accompagn\u00e9e d'une description et d'images. Jusqu'au 28 f\u00e9vrier, les mesures <a href=\"http:\/\/www.radverkehrskonzept-mkk.de\">www.radverkehrskonzept-mkk.de<\/a> sont vot\u00e9es.<\/p>\n\n\n\n<p>\u00abEn 2017, en tant que Verts, nous avions d\u00e9j\u00e0 demand\u00e9 un concept de piste cyclable\u00bb, explique Wietzorek. \u00abLa premi\u00e8re version, qui a ensuite \u00e9t\u00e9 produite par le cercle, contenait 90 mesures, dont aucune n\u2019a \u00e9t\u00e9 mise en \u0153uvre \u00e0 ce jour.\u00bb Une deuxi\u00e8me approche globale a \u00e9t\u00e9 demand\u00e9e: \u00abNous esp\u00e9rons que la grande annonce du cercle concernant l\u2019\u00e9laboration d\u2019un concept global de cyclisme ne restera pas seulement une annonce, mais que les suggestions et les votes des citoyens se traduiront \u00e9galement par des mandats d\u2019action concrets et des travaux de construction.\u00bb<\/p>\n\n\n\n<p>Par de nombreuses actions, les Verts dans le cercle et dans les communes soutiennent d\u00e9j\u00e0 le tournant concret des transports: \u00abLes associations locales de Biebergem\u00fcnd, W\u00e4chtersbach et Bad Orb, entre autres, ont organis\u00e9 une manifestation conjointe avec Karin M\u00fcller, vice-pr\u00e9sidente du Landtag, sur la transition des transports en Hesse. De nombreuses possibilit\u00e9s ont \u00e9t\u00e9 discut\u00e9es pour encourager le passage sur place \u00e0 une mobilit\u00e9 respectueuse du climat. En outre, nous soutenons l\u2019initiative populaire \u00abVerkehrswende in Hessen\u00bb du VCD Hessen, qui est soutenue par: <a href=\"http:\/\/www.verkehrswende-hessen.de\">www.verkehrswende-hessen.de<\/a> peut \u00eatre sign\u00e9e.\u00bb<\/p>\n\n\n\n<p>Pour la mise en \u0153uvre concr\u00e8te, la grande coalition doit \u00e9galement repenser fondamentalement la somme de 300 000 euros inscrite au budget: \u00abMalgr\u00e9 les subventions du Land et de l\u2019\u00c9tat f\u00e9d\u00e9ral, le Main-Kinzig-Kreis ne manquera pas non plus de d\u00e9penser de l\u2019argent pour des mesures dans le domaine des pistes cyclables. Avec la somme fix\u00e9e dans le budget, de grands sauts ne sont pas possibles. Nous nous attendons maintenant \u00e0 ce que les annonces soient suivies d\u2019actes\u00bb, conclut M. Wietzorek.<\/p>\n\n\n\n<p><\/p>\n\n\n\n<hr class=\"wp-block-separator\"\/>\n\n\n\n<p>Questions \u00e0 l'attention de:<\/p>\n\n\n\n<p>Jakob M\u00e4hler<br>Directeur de groupe<br>Alliance 90 \/ Les Verts Main-Kinzig<br>06181\/61596<br>0176\/46763336<br>fraktion@gruene-mkk.de<\/p>","protected":false},"excerpt":{"rendered":"<p>Groupe des Verts: Participer \u00e0 une enqu\u00eate en ligne sur les actions \/ Les mots doivent \u00eatre suivis d'actes<\/p>","protected":false},"author":-1,"featured_media":0,"comment_status":"open","ping_status":"open","sticky":false,"template":"","format":"standard","meta":{"footnotes":""},"categories":[2],"tags":[],"class_list":["post-909","post","type-post","status-publish","format-standard","hentry","category-newskreistagsfraktion"],"_links":{"self":[{"href":"https:\/\/www.gruene-mkk.de\/fr\/wp-json\/wp\/v2\/posts\/909","targetHints":{"allow":["GET"]}}],"collection":[{"href":"https:\/\/www.gruene-mkk.de\/fr\/wp-json\/wp\/v2\/posts"}],"about":[{"href":"https:\/\/www.gruene-mkk.de\/fr\/wp-json\/wp\/v2\/types\/post"}],"author":[{"embeddable":true,"href":"https:\/\/www.gruene-mkk.de\/fr\/wp-json\/wp\/v2\/users\/5"}],"replies":[{"embeddable":true,"href":"https:\/\/www.gruene-mkk.de\/fr\/wp-json\/wp\/v2\/comments?post=909"}],"version-history":[{"count":1,"href":"https:\/\/www.gruene-mkk.de\/fr\/wp-json\/wp\/v2\/posts\/909\/revisions"}],"predecessor-version":[{"id":910,"href":"https:\/\/www.gruene-mkk.de\/fr\/wp-json\/wp\/v2\/posts\/909\/revisions\/910"}],"wp:attachment":[{"href":"https:\/\/www.gruene-mkk.de\/fr\/wp-json\/wp\/v2\/media?parent=909"}],"wp:term":[{"taxonomy":"category","embeddable":true,"href":"https:\/\/www.gruene-mkk.de\/fr\/wp-json\/wp\/v2\/categories?post=909"},{"taxonomy":"post_tag","embeddable":true,"href":"https:\/\/www.gruene-mkk.de\/fr\/wp-json\/wp\/v2\/tags?post=909"}],"curies":[{"name":"wp","href":"https:\/\/api.w.org\/{rel}","templated":true}]}}