{"id":902,"date":"2022-02-11T14:18:04","date_gmt":"2022-02-11T13:18:04","guid":{"rendered":"https:\/\/www.gruene-mkk.de\/?p=902"},"modified":"2022-02-11T14:18:04","modified_gmt":"2022-02-11T13:18:04","slug":"holger-fischer-als-rechtlicher-betreuer-nicht-mehr-tragbar","status":"publish","type":"post","link":"https:\/\/www.gruene-mkk.de\/fr\/holger-fischer-als-rechtlicher-betreuer-nicht-mehr-tragbar\/","title":{"rendered":"Holger Fischer n'est plus supportable en tant que tuteur l\u00e9gal"},"content":{"rendered":"<p><strong>Les cas de prise en charge doivent \u00eatre retir\u00e9s \/ Plaisir du jugement de l'Oberlandesgericht Frankfurt<\/strong><em> \u00a0<\/em><\/p>\n\n\n\n<!--more-->\n\n\n\n<p>\u00abNous nous r\u00e9jouissons de la d\u00e9cision claire de l\u2019Oberlandesgericht Frankfurt (tribunal r\u00e9gional sup\u00e9rieur de Francfort) \u00e0 l\u2019encontre de la penseuse crois\u00e9e locale Imke Otto\u00bb, d\u00e9clare le bureau du groupe parlementaire des Verts Main-Kinzig, Reiner Bousonville, Viola Ha\u00dfdenteufel et Jakob M\u00e4hler. Mercredi dernier, l\u2019Oberlandesgericht (tribunal r\u00e9gional sup\u00e9rieur) a rejet\u00e9 les mesures provisoires de l\u2019initiatrice de l\u2019initiative \u00abAllianz pro Grundgesetz\u00bb en raison de d\u00e9clarations pr\u00e9tendument diffamatoires \u00e0 l\u2019encontre des pr\u00e9sidents de l\u2019association \u00abHand aufs Herz\u00bb, Julia Hott et Alex Schopbach: \u00abCela montre clairement que la juridiction est \u00e9galement derri\u00e8re les mots clairs qui sont n\u00e9cessaires en ces temps\u00bb.<\/p>\n\n\n\n<p>La d\u00e9claration subs\u00e9quente du groupement des penseurs crois\u00e9s selon laquelle le tribunal l\u2019aurait d\u00e9clar\u00e9e \u00absans oiseaux\u00bb serait effrayante: \u00abCela montre une fois de plus la d\u00e9formation des faits et l\u2019incorporation de l\u2019histoire et du symbolisme, caract\u00e9ristiques du groupement de penseurs crois\u00e9s \u201cAlliance par loi fondamentale\u201d\u00bb, a d\u00e9clar\u00e9 le bureau du groupe.<\/p>\n\n\n\n<p>Lors des manifestations r\u00e9guli\u00e8res contre les mesures de lutte contre le coronavirus, Holger Fischer, avocat \u00e0 Hanau, occupe la premi\u00e8re place. C'est avec une grande effroi que le groupe du district r\u00e9agit maintenant \u00e0 un rapport du Hessenschau selon lequel Fischer aurait refus\u00e9 les vaccinations n\u00e9cessaires contre la COVID-19 \u00e0 deux personnes qui lui avaient \u00e9t\u00e9 confi\u00e9es \u00e0 des fins d'assistance l\u00e9gale.<\/p>\n\n\n\n<p>Fischer est mandat\u00e9 depuis de nombreuses ann\u00e9es par l'Amtsgericht Hanau (tribunal de district de Hanau) et l'autorit\u00e9 de tutelle du Landkreis en tant que tuteur l\u00e9gal pour les personnes adultes qui ne sont pas ou plus en mesure d'accomplir leurs actes juridiques personnels de mani\u00e8re autonome et responsable. Selon le rapport de la Hessenschau, il est actuellement seul l\u00e9galement comp\u00e9tent pour 79 cas de prise en charge pour lesquels il a une grande responsabilit\u00e9 en tant que tuteur l\u00e9gal et doit toujours prendre en compte le bien-\u00eatre de ses clients par des contacts permanents et r\u00e9guliers.<\/p>\n\n\n\n<p>\u00abLe fait de confier 79 personnes dans l\u2019arrondissement de Main-Kinzig \u00e0 l\u2019avocat de Hanau, Holger Fischer, qui est l\u2019un des chefs de file du mouvement des penseurs crois\u00e9s dans la r\u00e9gion Rhin-Main et qui a \u00e9t\u00e9 remarqu\u00e9 pour des cas d\u2019influence de la vaccination, doit \u00eatre fondamentalement remis en question\u00bb, a d\u00e9clar\u00e9 Bousonville, Ha\u00dfdenteufel et M\u00e4hler.<\/p>\n\n\n\n<p>Selon le Hessenschau, Fischer a environ 26 000 abonn\u00e9s sur Telegram et parle de \u00abg\u00e9nocide\u00bb en ce qui concerne la vaccination contre la COVID-19 et appelle \u00e0 \u00abparalyser\u00bb l\u2019\u00c9tat. L'avocat a \u00e9crit sur les politiciens dans Telegram: \u00abSoit vous nous avez tu\u00e9s d\u2019ici l\u00e0 par vos actions et vos injections, soit vous en avez \u00e9t\u00e9 vous-m\u00eames victimes. Directement ou indirectement.\u00bb&nbsp;<\/p>\n\n\n\n<p>\u00abCes d\u00e9clarations sont inacceptables pour un avocat qui s\u2019occupe de 79 personnes\u00bb, a d\u00e9clar\u00e9 le bureau du groupe. \u00abBien que l\u2019on puisse se f\u00e9liciter que le tribunal de district de Hanau ait d\u00e9cid\u00e9 de ne plus confier de nouveaux mandats d\u2019assistance juridique \u00e0 Fischer, il est essentiel que le district et le tribunal de district apportent une solution aux mandats d\u2019assistance qui subsistent et qu\u2019ils examinent s\u2019il y a eu et s\u2019il y a encore d\u2019autres cas d\u2019influence de la vaccination. La d\u00e9claration du cercle de ne plus proposer Fischer comme conseiller d\u2019orientation n\u2019est pas suffisante en l\u2019esp\u00e8ce.\u00bb Le groupe des Verts soutient la d\u00e9claration du maire de Hanau, Claus Kaminsky, de porter l\u2019affaire devant le barreau et, si n\u00e9cessaire, de porter plainte contre Fischer lorsqu\u2019elle n\u2019a pas encore \u00e9t\u00e9 d\u00e9pos\u00e9e: \u00abIl s\u2019agit l\u00e0 de mots clairs qui manquent une fois de plus au cercle en ce qui concerne les activit\u00e9s des penseurs transversaux.\u00bb&nbsp;&nbsp;<\/p>\n\n\n\n<p>Pour le bureau du groupe, les soins de sant\u00e9 responsables ne semblent plus \u00eatre assur\u00e9s dans les cas de prise en charge de l\u2019avocat Fischer, ce qui d\u00e9coule de sa personne et du traitement des t\u00e2ches qui lui sont confi\u00e9es par le tribunal de prise en charge: \u00abDans ce cas, il est possible d\u2019exiger un suivi des contr\u00f4les. Non seulement les personnes assist\u00e9es et leurs proches devraient l'exiger, mais c'est surtout le tribunal de tutelle comp\u00e9tent, en collaboration avec l'autorit\u00e9 de tutelle du district, qui est requis. Ceux-ci doivent veiller \u00e0 ce que les cas de prise en charge en cours soient retir\u00e9s afin que les personnes vuln\u00e9rables et d\u00e9pendantes soient toujours bien prises en charge et impliqu\u00e9es dans la d\u00e9cision de vaccination, en tenant compte de leur libre arbitre. Il serait toutefois pr\u00e9f\u00e9rable de trouver au plus vite de nouveaux aidants pour les pr\u00e8s de 80 personnes\u00bb, conclut Bousonville, Diable de haine et M\u00e4hler.<\/p>","protected":false},"excerpt":{"rendered":"<p>Les cas de prise en charge doivent \u00eatre retir\u00e9s \/ Plaisir du jugement de l'Oberlandesgericht Frankfurt \u00a0<\/p>","protected":false},"author":-1,"featured_media":770,"comment_status":"open","ping_status":"open","sticky":false,"template":"","format":"standard","meta":{"footnotes":""},"categories":[2],"tags":[],"class_list":["post-902","post","type-post","status-publish","format-standard","has-post-thumbnail","hentry","category-newskreistagsfraktion"],"_links":{"self":[{"href":"https:\/\/www.gruene-mkk.de\/fr\/wp-json\/wp\/v2\/posts\/902","targetHints":{"allow":["GET"]}}],"collection":[{"href":"https:\/\/www.gruene-mkk.de\/fr\/wp-json\/wp\/v2\/posts"}],"about":[{"href":"https:\/\/www.gruene-mkk.de\/fr\/wp-json\/wp\/v2\/types\/post"}],"author":[{"embeddable":true,"href":"https:\/\/www.gruene-mkk.de\/fr\/wp-json\/wp\/v2\/users\/5"}],"replies":[{"embeddable":true,"href":"https:\/\/www.gruene-mkk.de\/fr\/wp-json\/wp\/v2\/comments?post=902"}],"version-history":[{"count":1,"href":"https:\/\/www.gruene-mkk.de\/fr\/wp-json\/wp\/v2\/posts\/902\/revisions"}],"predecessor-version":[{"id":903,"href":"https:\/\/www.gruene-mkk.de\/fr\/wp-json\/wp\/v2\/posts\/902\/revisions\/903"}],"wp:featuredmedia":[{"embeddable":true,"href":"https:\/\/www.gruene-mkk.de\/fr\/wp-json\/wp\/v2\/media\/770"}],"wp:attachment":[{"href":"https:\/\/www.gruene-mkk.de\/fr\/wp-json\/wp\/v2\/media?parent=902"}],"wp:term":[{"taxonomy":"category","embeddable":true,"href":"https:\/\/www.gruene-mkk.de\/fr\/wp-json\/wp\/v2\/categories?post=902"},{"taxonomy":"post_tag","embeddable":true,"href":"https:\/\/www.gruene-mkk.de\/fr\/wp-json\/wp\/v2\/tags?post=902"}],"curies":[{"name":"wp","href":"https:\/\/api.w.org\/{rel}","templated":true}]}}