{"id":900,"date":"2022-02-11T10:41:04","date_gmt":"2022-02-11T09:41:04","guid":{"rendered":"https:\/\/www.gruene-mkk.de\/?p=900"},"modified":"2024-09-05T14:45:15","modified_gmt":"2024-09-05T12:45:15","slug":"schnellstmoeglich-umfassende-digitale-loesung-schaffen","status":"publish","type":"post","link":"https:\/\/www.gruene-mkk.de\/fr\/schnellstmoeglich-umfassende-digitale-loesung-schaffen\/","title":{"rendered":"Cr\u00e9er une solution num\u00e9rique compl\u00e8te le plus rapidement possible"},"content":{"rendered":"<p><strong>Le suivi des contacts et la notification des cas de coronavirus dans les \u00e9coles fonctionnent encore de mani\u00e8re analogue dans de nombreux endroits<\/strong><\/p>\n\n\n\n<!--more-->\n\n\n\n<p>\u00abLes \u00e9coles de l\u2019arrondissement de Main-Kinzig doivent \u00eatre num\u00e9ris\u00e9es plus rapidement afin de mieux relever les d\u00e9fis de la pand\u00e9mie de COVID-19 avec toutes les variantes et leurs effets secondaires\u00bb, a d\u00e9clar\u00e9 Matthias Zach, porte-parole du groupe des Verts du district de Main-Kinzig pour la politique de l\u2019\u00e9ducation. La demande des Verts trouve son origine dans les formulaires qui doivent encore \u00eatre remplis manuellement lors de la recherche des contacts et de la notification des cas de COVID-19.<\/p>\n\n\n\n<p>\u00abLe suivi complet et le syst\u00e8me de notification sont et resteront importants\u00bb, pr\u00e9cise M. Zach. Il n\u2019est plus opportun que de telles d\u00e9clarations ne puissent pas \u00eatre mises \u00e0 la disposition du service de sant\u00e9 du Main-Kinzig-Kreis sous forme num\u00e9rique: \u00abDans le contexte actuel d\u2019infection, ces obstacles doivent \u00eatre lev\u00e9s le plus rapidement possible, y compris pour maintenir le fonctionnement de l\u2019administration du comt\u00e9 dans d\u2019autres domaines.\u00bb Cela est \u00e9galement essentiel pour les t\u00e2ches futures.<\/p>\n\n\n\n<p>Ici, Zach ne voit pas les \u00e9coles, mais le responsable de l'\u00e9cole dans la responsabilit\u00e9: \u00abMalheureusement, l\u2019offensive de num\u00e9risation lanc\u00e9e n\u2019a pas encore atteint son paroxysme dans de nombreuses salles de classe du cercle. Outre les tableaux blancs et les classes d\u2019iPad, il s\u2019agit \u00e9galement de num\u00e9riser le suivi et le signalement des cas de coronavirus au sein de l\u2019association de classes.\u00bb Cela a d\u00e9j\u00e0 \u00e9chou\u00e9 au sein du service de sant\u00e9, qui ne peut pas traiter de telles informations num\u00e9riques: \u00abL\u2019Office de la sant\u00e9 publique et les \u00e9coles, en particulier les secr\u00e9tariats scolaires, doivent \u00eatre en mesure d\u2019enregistrer et d\u2019exploiter num\u00e9riquement les messages re\u00e7us quotidiennement.\u00bb<\/p>\n\n\n\n<p>Cela all\u00e9gerait \u00e9galement la charge pesant sur les directions d'\u00e9coles et les enseignants, qui doivent faire face \u00e0 des co\u00fbts \u00e9lev\u00e9s li\u00e9s au tra\u00e7age des contacts, qui est encore analogique. Zach invite donc le cercle \u00e0 \u00abcr\u00e9er d\u00e8s que possible cette nouvelle solution num\u00e9rique\u00bb. Ce qui est possible num\u00e9riquement dans le domaine des examens en s\u00e9rie des dents des enfants dans les \u00e9coles et les cr\u00e8ches doit \u00eatre \u00e9tendu de toute urgence aux signalements des personnes infect\u00e9es par le coronavirus. \u00abLa pand\u00e9mie a mis en \u00e9vidence les faiblesses mat\u00e9rielles et qualitatives de l\u2019infrastructure num\u00e9rique dans l\u2019arrondissement de Main-Kinzig. Parmi eux, le travail dans les services de sant\u00e9, les possibilit\u00e9s de travail \u00e0 domicile et d\u2019enseignement \u00e0 domicile\u00bb, a d\u00e9clar\u00e9 le porte-parole de la politique \u00e9ducative.<\/p>\n\n\n\n<p>\u00abLes efforts visant \u00e0 rendre le cercle de Main-Kinzig enti\u00e8rement num\u00e9rique dans tous les domaines et non seulement \u00e0 rendre l\u2019internet rapide accessible \u00e0 tous, mais aussi \u00e0 l\u2019utiliser de mani\u00e8re judicieuse et \u00e9conome en main-d\u2019\u0153uvre, doivent conserver le dynamisme qu\u2019ils avaient \u00e0 l\u2019\u00e9poque de la coalition des Verts avec le SPD et les \u00e9lecteurs libres et sous la direction du Landrat Erich Pipa. Malheureusement, les d\u00e9cideurs actuels s\u2019attaquent trop lentement \u00e0 tout ce potentiel et ne l\u2019exploitent pas pleinement\u00bb, conclut M. Zach.<\/p>\n\n\n\n<hr class=\"wp-block-separator\"\/>\n\n\n\n<p>Questions \u00e0 l'attention de:<\/p>\n\n\n\n<p>Jakob M\u00e4hler<br>Directeur de groupe<br>Alliance 90 \/ Les Verts Main-Kinzig<\/p>\n\n\n\n<p>06181\/61596<br>0176\/46763336<\/p>\n\n\n\n<p>fraktion@gruene-mkk.de<\/p>","protected":false},"excerpt":{"rendered":"<p>Le suivi des contacts et la notification des cas de coronavirus dans les \u00e9coles fonctionnent encore de mani\u00e8re analogue dans de nombreux endroits<\/p>","protected":false},"author":-1,"featured_media":0,"comment_status":"open","ping_status":"open","sticky":false,"template":"","format":"standard","meta":{"footnotes":""},"categories":[2],"tags":[],"class_list":["post-900","post","type-post","status-publish","format-standard","hentry","category-newskreistagsfraktion"],"_links":{"self":[{"href":"https:\/\/www.gruene-mkk.de\/fr\/wp-json\/wp\/v2\/posts\/900","targetHints":{"allow":["GET"]}}],"collection":[{"href":"https:\/\/www.gruene-mkk.de\/fr\/wp-json\/wp\/v2\/posts"}],"about":[{"href":"https:\/\/www.gruene-mkk.de\/fr\/wp-json\/wp\/v2\/types\/post"}],"author":[{"embeddable":true,"href":"https:\/\/www.gruene-mkk.de\/fr\/wp-json\/wp\/v2\/users\/5"}],"replies":[{"embeddable":true,"href":"https:\/\/www.gruene-mkk.de\/fr\/wp-json\/wp\/v2\/comments?post=900"}],"version-history":[{"count":1,"href":"https:\/\/www.gruene-mkk.de\/fr\/wp-json\/wp\/v2\/posts\/900\/revisions"}],"predecessor-version":[{"id":901,"href":"https:\/\/www.gruene-mkk.de\/fr\/wp-json\/wp\/v2\/posts\/900\/revisions\/901"}],"wp:attachment":[{"href":"https:\/\/www.gruene-mkk.de\/fr\/wp-json\/wp\/v2\/media?parent=900"}],"wp:term":[{"taxonomy":"category","embeddable":true,"href":"https:\/\/www.gruene-mkk.de\/fr\/wp-json\/wp\/v2\/categories?post=900"},{"taxonomy":"post_tag","embeddable":true,"href":"https:\/\/www.gruene-mkk.de\/fr\/wp-json\/wp\/v2\/tags?post=900"}],"curies":[{"name":"wp","href":"https:\/\/api.w.org\/{rel}","templated":true}]}}