{"id":886,"date":"2022-02-01T16:22:33","date_gmt":"2022-02-01T15:22:33","guid":{"rendered":"https:\/\/www.gruene-mkk.de\/?p=886"},"modified":"2022-02-01T16:22:33","modified_gmt":"2022-02-01T15:22:33","slug":"situation-unnoetig-verschaerft","status":"publish","type":"post","link":"https:\/\/www.gruene-mkk.de\/fr\/situation-unnoetig-verschaerft\/","title":{"rendered":"Situation inutilement aggrav\u00e9e"},"content":{"rendered":"<p><strong>Groupe des Verts: Erlensee a d\u00e9sesp\u00e9r\u00e9ment besoin d'une nouvelle \u00e9cole primaire \/ Prendre au s\u00e9rieux les pr\u00e9occupations \u00e0 Gro\u00dfkrotzenburg<\/strong><\/p>\n\n\n\n<!--more-->\n\n\n\n<p>\u00abLa discussion qui pr\u00e9vaut depuis des mois sur le d\u00e9veloppement scolaire dans le Main-Kinzig Kreis et l\u2019absence de r\u00e9ponse de la grande coalition sous la forme d\u2019un plan de d\u00e9veloppement scolaire adopt\u00e9 ont inutilement aggrav\u00e9 la situation \u00e0 Erlensee et \u00e0 Gro\u00dfkrotzenburg\u00bb, explique Matthias Zach, porte-parole du groupe parlementaire des Verts du Main-Kinzig pour la politique de l\u2019\u00e9ducation. Actuellement, il manque des capacit\u00e9s dans les \u00e9coles primaires \u00e0 Erlensee et Gro\u00dfkrotzenburg. \u00abLa situation dans ce pays va encore s\u2019aggraver dans les ann\u00e9es \u00e0 venir.\u00bb<\/p>\n\n\n\n<p>Une solution de la part du cercle Main-Kinzig \u00abn\u2019a pas \u00e9t\u00e9 avanc\u00e9e en l\u2019\u00e9tat actuel de nos connaissances. Au lieu d\u2019exposer publiquement des solutions concr\u00e8tes et de prendre des d\u00e9cisions le plus rapidement possible, le cercle, comme il l\u2019\u00e9crit lui-m\u00eame, ne m\u00e8ne que des \u00abconversations intensives\u00bb, a d\u00e9clar\u00e9 M. Zach. \u00abCependant, la construction d\u2019une nouvelle \u00e9cole primaire ne sera pas achev\u00e9e dans quelques semaines et l\u2019extension de l\u2019\u00e9cole d\u2019Erlense \u00e0 Eulenhof, qui fait l\u2019objet de discussions, ne se fera pas du jour au lendemain.\u00bb<\/p>\n\n\n\n<p>\u00abNormalement, un plan de d\u00e9veloppement scolaire fournit ces r\u00e9ponses et indique au conseil r\u00e9gional des mesures concr\u00e8tes pour les ann\u00e9es \u00e0 venir\u00bb, explique Renate Tonecker-B\u00f6s, d\u00e9put\u00e9e au conseil r\u00e9gional d\u2019Erlense. Le plan de d\u00e9veloppement de l\u2019\u00e9cole \u00e0 adopter pour les ann\u00e9es \u00e0 partir de 2021 est d\u00e9j\u00e0 d\u00e9tenu depuis plus d\u2019un an par l\u2019\u00e9conomiste Winfried Ottmann, apr\u00e8s que la premi\u00e8re version a \u00e9t\u00e9 rejet\u00e9e en raison d\u2019erreurs de fond en mati\u00e8re de politique scolaire, de chiffres erron\u00e9s et d\u2019omissions, ainsi que d\u2019erreurs d\u2019orthographe et de formatage dans le conseil du district. \u00abCette absence de perspectives et l\u2019inaction qui en a r\u00e9sult\u00e9 dans le cadre du d\u00e9veloppement scolaire obligent d\u00e9sormais les \u00e9l\u00e8ves, et plus particuli\u00e8rement les parents, \u00e0 se baigner \u00e0 Erlensee lorsqu\u2019il n\u2019y a plus suffisamment de places dans l\u2019\u00e9cole primaire. En effet, jusqu\u2019\u00e0 trois nouveaux trains de classe seront n\u00e9cessaires dans les deux \u00e0 trois prochaines ann\u00e9es.\u00bb Jusqu\u2019\u00e0 ce qu\u2019il y ait un goulot d\u2019\u00e9tranglement, ce n\u2019est qu\u2019une question de temps, selon Tonecker-B\u00f6s.<\/p>\n\n\n\n<p>Le m\u00eame probl\u00e8me se pose ailleurs. \u00abLes places se font lentement rares non seulement \u00e0 Erlensee, mais aussi \u00e0 l\u2019\u00e9cole primaire de Gro\u00dfkrotzenburg\u00bb, explique Lucas B\u00e4uml, candidat vert au poste de maire de Gro\u00dfkrotzenburg. Dans ce pays, le nombre de familles qui exercent leur droit l\u00e9gal \u00e0 une prise en charge \u00e0 temps plein passera de 30 actuellement \u00e0 environ 150 en 2029: \u00abCela signifie que les capacit\u00e9s existantes doivent \u00e9galement \u00eatre renforc\u00e9es. \u00c0 cet \u00e9gard, il me manque clairement un soutien ax\u00e9 sur les solutions de la commune par le Main-Kinzig-Kreis en tant que ma\u00eetre d\u2019\u00e9cole\u00bb, observe B\u00e4uml avec inqui\u00e9tude l\u2019attitude du cercle jusqu\u2019\u00e0 pr\u00e9sent, selon laquelle les salles de classe existantes seraient suffisantes pour la mise en \u0153uvre de l\u2019encadrement scolaire.<\/p>\n\n\n\n<p>C'est pourquoi le groupe du district a pos\u00e9 un questionnaire au cercle Main-Kinzig. \u00abNous aimerions savoir, entre autres, depuis combien de temps le vendeur de dette conna\u00eet d\u00e9j\u00e0 les besoins manquants \u00e0 Erlensee et \u00e0 Gro\u00dfkrotzenburg et quelles mesures concr\u00e8tes ont \u00e9t\u00e9 prises depuis lors\u00bb, a d\u00e9clar\u00e9 M. Zach. \u00abEn outre, nous voudrions que l\u2019administration nous dise concr\u00e8tement quand les nouvelles \u00e9coles primaires pourraient \u00eatre achev\u00e9es et quelle solution il y a de la part de la r\u00e9colteuse de dettes si une nouvelle construction ne devait pas \u00eatre r\u00e9alis\u00e9e \u00e0 temps.\u00bb<\/p>\n\n\n\n<p>La question du plan de d\u00e9veloppement de l'\u00e9cole est \u00e9galement pos\u00e9e par le groupe du district: \u00abNous voudrions savoir quand celui-ci sera enfin soumis aux organes comp\u00e9tents pour consultation et s\u2019il y aura d\u2019autres nouvelles constructions en plus de l\u2019\u00e9cole primaire d\u2019Erlensee.\u00bb<\/p>\n\n\n\n<p>Ce ne sont pas les seuls sujets sur lesquels le cercle ne fait actuellement aucune d\u00e9claration. \u00abC\u2019est pourquoi l\u2019\u00e9quipement des \u00e9coles \u00e0 temps plein d\u00e9cid\u00e9es par le conseil du district<\/p>\n\n\n\n<p>avec une cantine et l'extension de l'offre gymnasiale dans le Westkreis fait partie de notre vaste catalogue de questions. Nous esp\u00e9rons ainsi obtenir les r\u00e9ponses indispensables aux questions actuelles de la planification du d\u00e9veloppement scolaire du district\u00bb, conclut M. Zach.<\/p>\n\n\n\n<hr class=\"wp-block-separator\"\/>\n\n\n\n<p>Questions \u00e0 l'attention de:<\/p>\n\n\n\n<p>Jakob M\u00e4hler<br>Directeur de groupe<br>Alliance 90 \/ Les Verts Main-Kinzig<\/p>\n\n\n\n<p>06181\/61596<br>0176\/46763336<\/p>\n\n\n\n<p>fraktion@gruene-mkk.de<\/p>","protected":false},"excerpt":{"rendered":"<p>Groupe des Verts: Erlensee a d\u00e9sesp\u00e9r\u00e9ment besoin d'une nouvelle \u00e9cole primaire \/ Prendre au s\u00e9rieux les pr\u00e9occupations \u00e0 Gro\u00dfkrotzenburg<\/p>","protected":false},"author":-1,"featured_media":0,"comment_status":"open","ping_status":"open","sticky":false,"template":"","format":"standard","meta":{"footnotes":""},"categories":[2],"tags":[],"class_list":["post-886","post","type-post","status-publish","format-standard","hentry","category-newskreistagsfraktion"],"_links":{"self":[{"href":"https:\/\/www.gruene-mkk.de\/fr\/wp-json\/wp\/v2\/posts\/886","targetHints":{"allow":["GET"]}}],"collection":[{"href":"https:\/\/www.gruene-mkk.de\/fr\/wp-json\/wp\/v2\/posts"}],"about":[{"href":"https:\/\/www.gruene-mkk.de\/fr\/wp-json\/wp\/v2\/types\/post"}],"author":[{"embeddable":true,"href":"https:\/\/www.gruene-mkk.de\/fr\/wp-json\/wp\/v2\/users\/5"}],"replies":[{"embeddable":true,"href":"https:\/\/www.gruene-mkk.de\/fr\/wp-json\/wp\/v2\/comments?post=886"}],"version-history":[{"count":1,"href":"https:\/\/www.gruene-mkk.de\/fr\/wp-json\/wp\/v2\/posts\/886\/revisions"}],"predecessor-version":[{"id":888,"href":"https:\/\/www.gruene-mkk.de\/fr\/wp-json\/wp\/v2\/posts\/886\/revisions\/888"}],"wp:attachment":[{"href":"https:\/\/www.gruene-mkk.de\/fr\/wp-json\/wp\/v2\/media?parent=886"}],"wp:term":[{"taxonomy":"category","embeddable":true,"href":"https:\/\/www.gruene-mkk.de\/fr\/wp-json\/wp\/v2\/categories?post=886"},{"taxonomy":"post_tag","embeddable":true,"href":"https:\/\/www.gruene-mkk.de\/fr\/wp-json\/wp\/v2\/tags?post=886"}],"curies":[{"name":"wp","href":"https:\/\/api.w.org\/{rel}","templated":true}]}}