{"id":875,"date":"2022-01-28T15:36:02","date_gmt":"2022-01-28T14:36:02","guid":{"rendered":"https:\/\/www.gruene-mkk.de\/?p=875"},"modified":"2022-01-28T15:36:02","modified_gmt":"2022-01-28T14:36:02","slug":"gruene-freuen-sich-ueber-verbot-von-atommuelllagerung-in-hanau","status":"publish","type":"post","link":"https:\/\/www.gruene-mkk.de\/fr\/gruene-freuen-sich-ueber-verbot-von-atommuelllagerung-in-hanau\/","title":{"rendered":"Les Verts se r\u00e9jouissent de l'interdiction du stockage des d\u00e9chets nucl\u00e9aires \u00e0 Hanau"},"content":{"rendered":"<p><strong>Jugement directeur \/ L'\u00e9nergie nucl\u00e9aire n'est pas durable<\/strong><\/p>\n\n\n\n<!--more-->\n\n\n\n<p>\u00abNous nous r\u00e9jouissons de la d\u00e9cision du tribunal administratif f\u00e9d\u00e9ral de Leipzig\u00bb, d\u00e9clare Viola Ha\u00dfdenteufel, porte-parole du bureau du district des Verts Main-Kinzig et vice-pr\u00e9sidente du groupe parlementaire du district. \u00ab Mardi dernier, il a \u00e9t\u00e9 d\u00e9cid\u00e9 que les d\u00e9chets radioactifs ne devaient pas \u00eatre stock\u00e9s dans des zones industrielles. \u00bb<\/p>\n\n\n\n<p>Cet arr\u00eat \u00e9tait fond\u00e9 sur un projet d\u2019agrandissement de l\u2019entrep\u00f4t interm\u00e9diaire dans une zone industrielle de Hanau: \u00abLe Bundesverwaltungsgericht (Cour administrative f\u00e9d\u00e9rale) a clairement indiqu\u00e9 que les d\u00e9chets radioactifs ne sont pas autoris\u00e9s dans une zone industrielle. Ce jugement a une importance immense bien au-del\u00e0 de la ville de Hanau.\u00bb<\/p>\n\n\n\n<p>Ha\u00dfdenteufel souligne qu'une extension du camp interm\u00e9diaire a toujours \u00e9t\u00e9 refus\u00e9e par l'association du district et le groupe parlementaire du district: \u00abEn 2018, le Verwaltungsgericht (tribunal administratif) a statu\u00e9 en faveur de la soci\u00e9t\u00e9 \u201cD\u00e8s lors\u201d et a consid\u00e9r\u00e9 qu\u2019une extension \u00e9tait admissible. Par une demande d\u2019urgence au conseil du district, nous avons attir\u00e9 l\u2019attention sur ce jugement et demand\u00e9 que le district soutienne la ville de Hanau dans l\u2019introduction de l\u2019appel et le rejet ult\u00e9rieur.\u00bb<\/p>\n\n\n\n<p>Avec la d\u00e9cision actuelle, il est d\u00e9sormais d\u00e9finitivement clarifi\u00e9 que \u00abtoute planification d\u2019un d\u00e9p\u00f4t interm\u00e9diaire de d\u00e9chets nucl\u00e9aires dans des zones industrielles peut \u00eatre refus\u00e9e. C\u2019est pr\u00e9cis\u00e9ment en ce qui concerne la question encore non r\u00e9solue du stockage d\u00e9finitif des d\u00e9chets nucl\u00e9aires et de la recherche d\u2019autres d\u00e9p\u00f4ts interm\u00e9diaires que la clart\u00e9 a \u00e9t\u00e9 apport\u00e9e\u00bb, a d\u00e9clar\u00e9 M. Ha\u00dfdenteufel.<\/p>\n\n\n\n<p>\u00abDepuis leur cr\u00e9ation dans l\u2019arrondissement de Main-Kinzig, les Verts se sont engag\u00e9s en faveur d\u2019un approvisionnement \u00e9nerg\u00e9tique durable et contre l\u2019utilisation de l\u2019\u00e9nergie nucl\u00e9aire et ont soutenu le mouvement antinucl\u00e9aire.\u00bb Au moins depuis les manquements des entreprises de l\u2019ancien \u201cvillage nucl\u00e9aire\u201d et du \u201csuper Gau\u201d \u00e0 Tchernobyl, il est clair que les installations nucl\u00e9aires repr\u00e9sentent un risque et ne sont en aucun cas durables. \u00abDans ce contexte, nous sommes fermement oppos\u00e9s \u00e0 ce que l\u2019\u00e9nergie nucl\u00e9aire soit consid\u00e9r\u00e9e comme durable dans l\u2019Union europ\u00e9enne.\u00bb<\/p>\n\n\n\n<p>L'association du district et le groupe parlementaire du district des Verts Main-Kinzig esp\u00e8rent maintenant que le d\u00e9veloppement d'installations produisant de l'\u00e9nergie renouvelable reprendra: \u00abCela nous permettra de garantir un v\u00e9ritable approvisionnement \u00e9nerg\u00e9tique durable\u00bb, conclut Hasdenteufel.<\/p>\n\n\n\n<p><\/p>\n\n\n\n<hr class=\"wp-block-separator\"\/>\n\n\n\n<p>Questions \u00e0 l'attention de:<\/p>\n\n\n\n<p>Jakob M\u00e4hler<br>Directeur de groupe<br>Alliance 90 \/ Les Verts Main-Kinzig<\/p>\n\n\n\n<p>06181\/61596<br>0176\/46763336<\/p>\n\n\n\n<p>fraktion@gruene-mkk.de<\/p>","protected":false},"excerpt":{"rendered":"<p>Jugement directeur \/ L'\u00e9nergie nucl\u00e9aire n'est pas durable<\/p>","protected":false},"author":-1,"featured_media":0,"comment_status":"open","ping_status":"open","sticky":false,"template":"","format":"standard","meta":{"footnotes":""},"categories":[1,2],"tags":[],"class_list":["post-875","post","type-post","status-publish","format-standard","hentry","category-allgemein","category-newskreistagsfraktion"],"_links":{"self":[{"href":"https:\/\/www.gruene-mkk.de\/fr\/wp-json\/wp\/v2\/posts\/875","targetHints":{"allow":["GET"]}}],"collection":[{"href":"https:\/\/www.gruene-mkk.de\/fr\/wp-json\/wp\/v2\/posts"}],"about":[{"href":"https:\/\/www.gruene-mkk.de\/fr\/wp-json\/wp\/v2\/types\/post"}],"author":[{"embeddable":true,"href":"https:\/\/www.gruene-mkk.de\/fr\/wp-json\/wp\/v2\/users\/5"}],"replies":[{"embeddable":true,"href":"https:\/\/www.gruene-mkk.de\/fr\/wp-json\/wp\/v2\/comments?post=875"}],"version-history":[{"count":3,"href":"https:\/\/www.gruene-mkk.de\/fr\/wp-json\/wp\/v2\/posts\/875\/revisions"}],"predecessor-version":[{"id":879,"href":"https:\/\/www.gruene-mkk.de\/fr\/wp-json\/wp\/v2\/posts\/875\/revisions\/879"}],"wp:attachment":[{"href":"https:\/\/www.gruene-mkk.de\/fr\/wp-json\/wp\/v2\/media?parent=875"}],"wp:term":[{"taxonomy":"category","embeddable":true,"href":"https:\/\/www.gruene-mkk.de\/fr\/wp-json\/wp\/v2\/categories?post=875"},{"taxonomy":"post_tag","embeddable":true,"href":"https:\/\/www.gruene-mkk.de\/fr\/wp-json\/wp\/v2\/tags?post=875"}],"curies":[{"name":"wp","href":"https:\/\/api.w.org\/{rel}","templated":true}]}}