{"id":811,"date":"2021-12-15T16:33:00","date_gmt":"2021-12-15T15:33:00","guid":{"rendered":"https:\/\/www.alles-bleibt-anders.org\/?p=811"},"modified":"2022-01-13T15:28:01","modified_gmt":"2022-01-13T14:28:01","slug":"gruene-kreistagsfraktion-legt-schwerpunkt-im-haushalt-2022-auf-gesellschaftspolitik","status":"publish","type":"post","link":"https:\/\/www.gruene-mkk.de\/fr\/gruene-kreistagsfraktion-legt-schwerpunkt-im-haushalt-2022-auf-gesellschaftspolitik\/","title":{"rendered":"Le groupe des Verts du district met l\u2019accent sur la politique sociale dans le budget 2022"},"content":{"rendered":"<p><strong>\u00abPremier point de contact en cas de discrimination\u00bb<\/strong><\/p>\n\n\n\n<!--more-->\n\n\n\n<p>\u00abDepuis des ann\u00e9es, il y a un nombre croissant d\u2019incidents racistes dans l\u2019arrondissement de Main-Kinzig\u00bb, a d\u00e9clar\u00e9 Viola Ha\u00dfdenteufel, vice-pr\u00e9sidente du groupe et porte-parole du groupe des Verts pour la politique sociale. \u00abC\u2019est pourquoi nous demandons la cr\u00e9ation d\u2019un organisme de lutte contre les discriminations pour l\u2019ann\u00e9e \u00e0 venir.\u00bb<\/p>\n\n\n\n<p>\u00abUn organisme de lutte contre la discrimination est le premier point de contact pour les personnes victimes de discrimination\u00bb, explique Ha\u00dfdenteufel \u00e0 propos de la demande de budget 2022 du cercle Main-Kinzig, qui sera vot\u00e9e en cercle vendredi prochain. \u00abParce que la discrimination et les crimes pour des motifs racistes sont tr\u00e8s fr\u00e9quents dans notre district ces derni\u00e8res ann\u00e9es.\u00bb Parmi eux, la menace du Landrat a.D. Erich Pipa en 2016 ou l\u2019attentat contre un Erythr\u00e9en \u00e0 W\u00e4chtersbach en 2019: \u00abLe plus bas tragique a \u00e9t\u00e9 le pire attentat d\u2019extr\u00eame droite depuis l\u2019existence de la R\u00e9publique f\u00e9d\u00e9rale d\u2019Allemagne \u00e0 Hanau en 2020. Elles d\u00e9montrent l\u2019urgence d\u2019un travail pr\u00e9ventif et proactif dans le cercle Main-Kinzig.\u00bb<\/p>\n\n\n\n<p>La cr\u00e9ation d'un organisme de lutte contre les discriminations permettrait de sensibiliser le public \u00e0 cette question par le biais de conseils, d'informations et de relations publiques. \u00abDans le m\u00eame temps, des \u00e9v\u00e9nements d\u2019information peuvent \u00eatre organis\u00e9s dans l\u2019administration, les \u00e9coles et les entreprises du district pour attirer l\u2019attention sur le th\u00e8me de la discrimination\u00bb. Des villes telles qu\u2019Offenbach et Francfort ont d\u00e9j\u00e0 mis en place un tel organisme: \u00abCeux-ci sont tr\u00e8s bien accueillis et montrent clairement que la population a besoin de conseils et d\u2019informations \u00e0 ce sujet\u00bb, a d\u00e9clar\u00e9 M. Ha\u00dfdenteufel.<\/p>\n\n\n\n<p>Dans le domaine de la politique sociale, le groupe des Verts se concentre \u00e9galement sur la natation scolaire: \u00abEnviron 59 % des enfants de 10 ans ne savent pas nager en toute s\u00e9curit\u00e9\u00bb, explique la porte-parole de la politique sociale. \u00abAlors que de moins en moins d\u2019enfants savent nager, de plus en plus de piscines int\u00e9rieures ferment dans toute l\u2019Allemagne parce qu\u2019elles ne peuvent plus \u00eatre port\u00e9es par les communes.\u00bb Le groupe du Kreistag demande donc que le Main-Kinzig-Kreis augmente les subventions pour la natation scolaire de 380 \u00e0 750 000 euros: \u00abIl s\u2019agit de remplacer tous les co\u00fbts support\u00e9s par les municipalit\u00e9s. Ils peuvent \u00e9galement utiliser l\u2019augmentation des subventions pour couvrir les pertes de recettes li\u00e9es \u00e0 la pand\u00e9mie de COVID-19.\u00bb<\/p>\n\n\n\n<p>En effet: \u00abLa responsabilit\u00e9 de veiller \u00e0 ce que les enfants puissent nager en toute s\u00e9curit\u00e9 dans le cercle n\u2019incombe pas aux municipalit\u00e9s, mais au Main-Kinzig-Kreis en tant que responsable de l\u2019\u00e9cole. Celui-ci devrait donc veiller \u00e0 ce qu\u2019un nombre suffisant de cours de natation puisse \u00eatre offert.\u00bb \u00c9tant donn\u00e9 que les piscines municipales sont n\u00e9cessaires \u00e0 cette fin, l\u2019obligation pour le district de \u00abfinancer ces derniers de mani\u00e8re suffisante\u00bb est une obligation.<\/p>\n\n\n\n<p>En plus de l'activit\u00e9 sportive, le repas scolaire fait \u00e9galement l'objet d'une proposition de budget du groupe des Verts du district: \u00abEn tant qu\u2019arrondissement du commerce \u00e9quitable, il devrait \u00eatre entendu que des denr\u00e9es alimentaires biologiques, r\u00e9gionales et \u00e9quitables sont propos\u00e9es dans les restaurants de la r\u00e9gion. C\u2019est pourquoi nous appelons \u00e0 doubler les allocations scolaires du cercle afin d\u2019all\u00e9ger la charge qui p\u00e8se sur les parents et d\u2019am\u00e9liorer la qualit\u00e9 des aliments\u00bb, a conclu la vice-pr\u00e9sidente du groupe.<\/p>\n\n\n\n<p>Questions \u00e0 l'attention de:<\/p>\n\n\n\n<p>Jakob M\u00e4hler<br>Directeur de groupe<br>Alliance 90 \/ Les Verts Main-Kinzig<br>06181\/61596<br>0176\/46763336<br>fraktion@gruene-mkk.de<\/p>","protected":false},"excerpt":{"rendered":"<p>\u00abPremier point de contact en cas de discrimination\u00bb<\/p>","protected":false},"author":-1,"featured_media":0,"comment_status":"open","ping_status":"open","sticky":false,"template":"","format":"standard","meta":{"footnotes":""},"categories":[2],"tags":[],"class_list":["post-811","post","type-post","status-publish","format-standard","hentry","category-newskreistagsfraktion"],"_links":{"self":[{"href":"https:\/\/www.gruene-mkk.de\/fr\/wp-json\/wp\/v2\/posts\/811","targetHints":{"allow":["GET"]}}],"collection":[{"href":"https:\/\/www.gruene-mkk.de\/fr\/wp-json\/wp\/v2\/posts"}],"about":[{"href":"https:\/\/www.gruene-mkk.de\/fr\/wp-json\/wp\/v2\/types\/post"}],"author":[{"embeddable":true,"href":"https:\/\/www.gruene-mkk.de\/fr\/wp-json\/wp\/v2\/users\/2"}],"replies":[{"embeddable":true,"href":"https:\/\/www.gruene-mkk.de\/fr\/wp-json\/wp\/v2\/comments?post=811"}],"version-history":[{"count":1,"href":"https:\/\/www.gruene-mkk.de\/fr\/wp-json\/wp\/v2\/posts\/811\/revisions"}],"predecessor-version":[{"id":812,"href":"https:\/\/www.gruene-mkk.de\/fr\/wp-json\/wp\/v2\/posts\/811\/revisions\/812"}],"wp:attachment":[{"href":"https:\/\/www.gruene-mkk.de\/fr\/wp-json\/wp\/v2\/media?parent=811"}],"wp:term":[{"taxonomy":"category","embeddable":true,"href":"https:\/\/www.gruene-mkk.de\/fr\/wp-json\/wp\/v2\/categories?post=811"},{"taxonomy":"post_tag","embeddable":true,"href":"https:\/\/www.gruene-mkk.de\/fr\/wp-json\/wp\/v2\/tags?post=811"}],"curies":[{"name":"wp","href":"https:\/\/api.w.org\/{rel}","templated":true}]}}