{"id":806,"date":"2021-12-16T16:29:05","date_gmt":"2021-12-16T15:29:05","guid":{"rendered":"https:\/\/www.alles-bleibt-anders.org\/?p=806"},"modified":"2021-12-16T16:33:06","modified_gmt":"2021-12-16T15:33:06","slug":"buergermeisterkandidat-fuer-grosskrotzenburg","status":"publish","type":"post","link":"https:\/\/www.gruene-mkk.de\/fr\/buergermeisterkandidat-fuer-grosskrotzenburg\/","title":{"rendered":"Candidat \u00e0 la mairie de Gro\u00dfkrotzenburg"},"content":{"rendered":"<p>Lucas B\u00e4uml<\/p>\n\n\n\n<!--more-->\n\n\n\n<p>Lucas B\u00e4uml, porte-parole du groupe des Verts de Krotzeboj et membre de<br>Repr\u00e9sentation commune peut d\u00e9j\u00e0 acqu\u00e9rir plusieurs ann\u00e9es d'exp\u00e9rience intensive dans la politique communale. De par sa nature ouverte, sa fiabilit\u00e9 et sa capacit\u00e9 \u00e0 r\u00e9unir des positions diff\u00e9rentes, il jouit du respect et de l'estime dans les instances politiques. N\u00e9anmoins, il n'h\u00e9site pas \u00e0 exprimer son point de vue ou \u00e0 identifier les probl\u00e8mes existants, mais toujours dans le cadre de propositions de solutions constructives. Au cours de son activit\u00e9 politique, il a sa propre vision pour l'avenir de Gro\u00dfkrotzenburg.<br>d\u00e9veloppement, qui sera pr\u00e9sent\u00e9 plus en d\u00e9tail dans les semaines \u00e0 venir et parmi ces trois<br>Domaines th\u00e9matiques<\/p>\n\n\n\n<p><br>Gro\u00dfkrotzenburg \u2013 une ville qui vaut la peine d\u2019\u00eatre v\u00e9cue pour les jeunes et les moins jeunes<br>Gro\u00dfkrotzenburg \u2013 Lutte contre le changement climatique<br>Gro\u00dfkrotzenburg \u2013 Proche des citoyens et efficace<br><\/p>\n\n\n\n<p>peut \u00eatre r\u00e9sum\u00e9e.<br><\/p>\n\n\n\n<p>\u00abJe veux faire bouger notre communaut\u00e9 et mettre fin \u00e0 la non-culture\u00bb, pr\u00e9cise Lucas B\u00e4uml. \u00abEn tant que maire, je vois mon r\u00f4le de gardien, de facilitateur et de facilitateur. \u00catre quelqu\u2019un qui rend les choses possibles.\u00bb<\/p>\n\n\n\n<p><br>Surmonter l'impasse dans notre communaut\u00e9 et recr\u00e9er des perspectives est un acte de force qu'il veut conqu\u00e9rir. Pour atteindre cet objectif, deux choses sont cruciales pour lui. D'une part, l'organisation des t\u00e2ches, la structure du personnel et le fonctionnement de l'administration communale doivent \u00eatre fondamentalement revus.<em>\u00c0 emporter \u00e0 l'int\u00e9rieur. Lucas B\u00e4uml b\u00e9n\u00e9ficie d'un savoir-faire et de comp\u00e9tences issus de plus de 10 ans d'exp\u00e9rience professionnelle dans l'\u00e9conomie. D'autre part, il veut \u00e0 nouveau cr\u00e9er une coop\u00e9ration coll\u00e9giale, non seulement entre le maire et la repr\u00e9sentation communale et le comit\u00e9 de la commune, mais aussi avec les citoyennes et les citoyens. \u00abRed\u00e9couvrir ce point commun est mon objectif d\u00e9clar\u00e9. J\u2019aimerais savoir ce qui pr\u00e9occupe les gens sur place et j\u2019aimerais en parler\u00bb, explique Lucas B\u00e4uml. Lucas B\u00e4uml m\u00e8ne d\u00e9j\u00e0 un \u00e9change anim\u00e9 avec les citoyens<\/em>\u00c0 l'int\u00e9rieur, pour les commer\u00e7ants et les associations, il se r\u00e9jouit des nombreuses impulsions et suggestions et attend avec impatience d'intensifier encore ce dialogue citoyen \u00e0 l'avenir.<br><\/p>\n\n\n\n<p>Lucas B\u00e4uml affirme que \u00abGro\u00dfkrotzenburg est en pleine mutation dans de nombreux domaines, ce qui offre la possibilit\u00e9 d\u2019un changement positif. Mais il faut du courage pour emprunter de nouvelles voies. Lucas B\u00e4uml peut \u00eatre contact\u00e9 sur Facebook et Instagram ou par courriel \u00e0 buergermeister@lucas2022.de<\/p>\n\n\n\n<p><\/p>","protected":false},"excerpt":{"rendered":"<p>Lucas B\u00e4uml<\/p>","protected":false},"author":-1,"featured_media":807,"comment_status":"open","ping_status":"open","sticky":false,"template":"","format":"standard","meta":{"footnotes":""},"categories":[4],"tags":[],"class_list":["post-806","post","type-post","status-publish","format-standard","has-post-thumbnail","hentry","category-newsortsverbaende"],"_links":{"self":[{"href":"https:\/\/www.gruene-mkk.de\/fr\/wp-json\/wp\/v2\/posts\/806","targetHints":{"allow":["GET"]}}],"collection":[{"href":"https:\/\/www.gruene-mkk.de\/fr\/wp-json\/wp\/v2\/posts"}],"about":[{"href":"https:\/\/www.gruene-mkk.de\/fr\/wp-json\/wp\/v2\/types\/post"}],"author":[{"embeddable":true,"href":"https:\/\/www.gruene-mkk.de\/fr\/wp-json\/wp\/v2\/users\/2"}],"replies":[{"embeddable":true,"href":"https:\/\/www.gruene-mkk.de\/fr\/wp-json\/wp\/v2\/comments?post=806"}],"version-history":[{"count":2,"href":"https:\/\/www.gruene-mkk.de\/fr\/wp-json\/wp\/v2\/posts\/806\/revisions"}],"predecessor-version":[{"id":810,"href":"https:\/\/www.gruene-mkk.de\/fr\/wp-json\/wp\/v2\/posts\/806\/revisions\/810"}],"wp:featuredmedia":[{"embeddable":true,"href":"https:\/\/www.gruene-mkk.de\/fr\/wp-json\/wp\/v2\/media\/807"}],"wp:attachment":[{"href":"https:\/\/www.gruene-mkk.de\/fr\/wp-json\/wp\/v2\/media?parent=806"}],"wp:term":[{"taxonomy":"category","embeddable":true,"href":"https:\/\/www.gruene-mkk.de\/fr\/wp-json\/wp\/v2\/categories?post=806"},{"taxonomy":"post_tag","embeddable":true,"href":"https:\/\/www.gruene-mkk.de\/fr\/wp-json\/wp\/v2\/tags?post=806"}],"curies":[{"name":"wp","href":"https:\/\/api.w.org\/{rel}","templated":true}]}}