{"id":796,"date":"2021-11-26T18:35:00","date_gmt":"2021-11-26T17:35:00","guid":{"rendered":"https:\/\/www.alles-bleibt-anders.org\/?p=796"},"modified":"2021-12-09T18:35:58","modified_gmt":"2021-12-09T17:35:58","slug":"aenderungsantrag-zum-haushalt-geringere-erhoehung-der-kreisumlage","status":"publish","type":"post","link":"https:\/\/www.gruene-mkk.de\/fr\/aenderungsantrag-zum-haushalt-geringere-erhoehung-der-kreisumlage\/","title":{"rendered":"Amendement au budget: R\u00e9duction de l'augmentation du pr\u00e9l\u00e8vement circulaire"},"content":{"rendered":"<p><strong>Le conseil municipal d\u00e9cide:&nbsp;&nbsp;&nbsp;&nbsp;&nbsp; &nbsp;&nbsp;&nbsp;&nbsp;&nbsp;<\/strong><\/p>\n\n\n\n<p>Le taux de relevage pour le pr\u00e9l\u00e8vement circulaire pour l'exercice 2022 est augment\u00e9 de 1,0 pour cent \u00e0 33,47 pour cent.<\/p>\n\n\n\n<p><strong>Expos\u00e9 des motifs:<\/strong><\/p>\n\n\n\n<p>Le Main-Kinzig-Kreis affiche depuis des ann\u00e9es des exc\u00e9dents importants dans le r\u00e9sultat ordinaire, nettement sup\u00e9rieurs \u00e0 la planification des exercices pr\u00e9c\u00e9dents.<\/p>\n\n\n\n<ul class=\"wp-block-list\"><li>En 2017, 1 million d'euros \u00e9tait pr\u00e9vu, en fait 36 millions d'euros<\/li><li>En 2018, 23 millions d'euros ont \u00e9t\u00e9 pr\u00e9vus, contre 53 millions en r\u00e9alit\u00e9.<\/li><li>En 2019, 22 millions d'euros \u00e9taient pr\u00e9vus, contre 48 millions d'euros en r\u00e9alit\u00e9.<\/li><li>En 2020, 15 millions d'euros ont \u00e9t\u00e9 pr\u00e9vus, ce qui repr\u00e9sente en r\u00e9alit\u00e9 environ 39 millions d'euros.<\/li><\/ul>\n\n\n\n<p>Les \u00e9tats financiers excessifs sont r\u00e9jouissants et contribuent \u00e0 poursuivre la consolidation financi\u00e8re du cercle Main-Kinzig. D'autre part, une planification r\u00e9aliste des r\u00e9sultats montrerait ici aussi plus clairement les marges de man\u0153uvre financi\u00e8res existantes.<\/p>\n\n\n\n<p>Avec le budget suppl\u00e9mentaire 2021, le pr\u00e9l\u00e8vement circulaire a \u00e9t\u00e9 r\u00e9duit de 2,5 % afin d\u2019all\u00e9ger la charge des communes en p\u00e9riode de pand\u00e9mie de coronavirus et de r\u00e9percuter sur les communes l\u2019all\u00e9gement suppl\u00e9mentaire des co\u00fbts d\u2019h\u00e9bergement (KdU).<\/p>\n\n\n\n<p>Le pr\u00e9sent projet de budget pr\u00e9voit une augmentation de 2 % du pr\u00e9l\u00e8vement circulaire.<\/p>\n\n\n\n<p>Le Main-Kinzig-Kreis veut ainsi atteindre un r\u00e9sultat annuel ordinaire d'environ 15.9 millions d'euros dans le budget de r\u00e9sultat et 278.681 euros dans le budget financier. Selon le Landrat Thorsten Stolz, il n'y a pas de marge de man\u0153uvre et cette augmentation du pr\u00e9l\u00e8vement circulaire est in\u00e9vitable un an apr\u00e8s la baisse.<\/p>\n\n\n\n<p>Dans le m\u00eame temps, le Kreis pr\u00e9voit 26 nouveaux postes pour l\u2019ann\u00e9e 2022, dont 19 postes de fonctionnaires suppl\u00e9mentaires qui, du fait des provisions pour pensions \u00e0 constituer, gr\u00e8veront durablement financi\u00e8rement le cercle Main-Kinzig. \u00c0 cet \u00e9gard, il convient de suivre les exemples d'autres cercles et municipalit\u00e9s qui ne cr\u00e9ent plus et n'occupent plus de nouveaux postes de fonctionnaires. Au lieu de cela, il faudrait s'efforcer de ramener \u00e0 un niveau n\u00e9cessaire \u00e0 moyen terme les plus de 330 postes de fonctionnaires existants.<\/p>\n\n\n\n<p>Les investissements n\u00e9cessaires du cercle d'environ 55 millions d'euros dans des domaines importants tels que les \u00e9coles, les cliniques et la num\u00e9risation n\u00e9cessitent un nouvel endettement net d'environ 25 millions d'euros. Malheureusement, d'importants domaines d'investissement tels que la protection du climat et la construction de pistes cyclables n'apparaissent pas dans le programme d'investissement ou avec un faible volume d'investissement.<\/p>\n\n\n\n<p>L'ajustement du pr\u00e9l\u00e8vement circulaire est le dernier moyen de combler les d\u00e9ficits de financement, il convient donc d'exploiter les potentiels d'\u00e9conomie existants et d'augmenter le pr\u00e9l\u00e8vement circulaire d'un point de pourcentage au maximum.<\/p>\n\n\n\n<p>Dans les ann\u00e9es \u00e0 venir, l'objectif du district devrait \u00eatre de ne pas alourdir davantage la charge qui p\u00e8se sur les municipalit\u00e9s et d'accorder une plus grande importance au facteur de consolidation budg\u00e9taire afin de maintenir une capacit\u00e9 d'action non seulement dans le district, mais aussi dans les municipalit\u00e9s du district.<\/p>\n\n\n\n<p>En effet: Le Main-Kinzig-Kreis est principalement un regroupement de nombreuses communes pour lesquelles nous avons un devoir de diligence en tant que cercle.<\/p>","protected":false},"excerpt":{"rendered":"<p>Le conseil municipal d\u00e9cide:\u00a0\u00a0\u00a0\u00a0\u00a0 \u00a0\u00a0\u00a0\u00a0\u00a0 Le taux de relevage pour le pr\u00e9l\u00e8vement circulaire pour l'exercice 2022 est augment\u00e9 de 1,0 pour cent \u00e0 33,47 pour cent. Expos\u00e9 des motifs: Le Main-Kinzig-Kreis pr\u00e9sente depuis des ann\u00e9es des exc\u00e9dents importants dans [...]<\/p>","protected":false},"author":-1,"featured_media":0,"comment_status":"open","ping_status":"open","sticky":false,"template":"","format":"standard","meta":{"footnotes":""},"categories":[9],"tags":[],"class_list":["post-796","post","type-post","status-publish","format-standard","hentry","category-antraege-und-anfragen"],"_links":{"self":[{"href":"https:\/\/www.gruene-mkk.de\/fr\/wp-json\/wp\/v2\/posts\/796","targetHints":{"allow":["GET"]}}],"collection":[{"href":"https:\/\/www.gruene-mkk.de\/fr\/wp-json\/wp\/v2\/posts"}],"about":[{"href":"https:\/\/www.gruene-mkk.de\/fr\/wp-json\/wp\/v2\/types\/post"}],"author":[{"embeddable":true,"href":"https:\/\/www.gruene-mkk.de\/fr\/wp-json\/wp\/v2\/users\/2"}],"replies":[{"embeddable":true,"href":"https:\/\/www.gruene-mkk.de\/fr\/wp-json\/wp\/v2\/comments?post=796"}],"version-history":[{"count":1,"href":"https:\/\/www.gruene-mkk.de\/fr\/wp-json\/wp\/v2\/posts\/796\/revisions"}],"predecessor-version":[{"id":797,"href":"https:\/\/www.gruene-mkk.de\/fr\/wp-json\/wp\/v2\/posts\/796\/revisions\/797"}],"wp:attachment":[{"href":"https:\/\/www.gruene-mkk.de\/fr\/wp-json\/wp\/v2\/media?parent=796"}],"wp:term":[{"taxonomy":"category","embeddable":true,"href":"https:\/\/www.gruene-mkk.de\/fr\/wp-json\/wp\/v2\/categories?post=796"},{"taxonomy":"post_tag","embeddable":true,"href":"https:\/\/www.gruene-mkk.de\/fr\/wp-json\/wp\/v2\/tags?post=796"}],"curies":[{"name":"wp","href":"https:\/\/api.w.org\/{rel}","templated":true}]}}