{"id":790,"date":"2021-11-26T18:19:00","date_gmt":"2021-11-26T17:19:00","guid":{"rendered":"https:\/\/www.alles-bleibt-anders.org\/?p=790"},"modified":"2021-12-09T18:28:55","modified_gmt":"2021-12-09T17:28:55","slug":"aenderungsantrag-zum-haushalt-einstellung-eines-einer-mobilitaetsbeauftragten","status":"publish","type":"post","link":"https:\/\/www.gruene-mkk.de\/fr\/aenderungsantrag-zum-haushalt-einstellung-eines-einer-mobilitaetsbeauftragten\/","title":{"rendered":"Amendement au budget: Recrutement d\u2019un responsable de la mobilit\u00e9"},"content":{"rendered":"<p><strong>Le conseil municipal d\u00e9cide:&nbsp;&nbsp;&nbsp;&nbsp;&nbsp; &nbsp;&nbsp;&nbsp;&nbsp;&nbsp;<\/strong><\/p>\n\n\n\n<ol class=\"wp-block-list\"><li>Le comit\u00e9 d'arrondissement est charg\u00e9 de cr\u00e9er le poste de d\u00e9l\u00e9gu\u00e9 \u00e0 la mobilit\u00e9 au sein de l'Office 65 (enseignement, gestion des b\u00e2timents et des immeubles et services centraux).<\/li><li>\u00c0 cette fin, 1,0 poste est ajout\u00e9 au tableau des effectifs.<\/li><li>Les t\u00e2ches du responsable de la mobilit\u00e9 sont notamment les suivantes:<ol><li>Mise en \u0153uvre du concept de mobilit\u00e9<\/li><li>Renforcer les transports \u00e0 \u00e9missions nulles<\/li><li>Mise en \u0153uvre des concepts cyclables<\/li><li>Interm\u00e9diation entre l'\u00c9tat f\u00e9d\u00e9ral, le Land, le Kreis et les communes<\/li><li>Mise en r\u00e9seau durable des communes<\/li><li>Interlocuteur pour toutes les t\u00e2ches de gestion de la mobilit\u00e9<\/li><\/ol><\/li><li>Une \u00e9valuation du poste de d\u00e9l\u00e9gu\u00e9 \u00e0 la mobilit\u00e9 aura lieu apr\u00e8s un an au sein de la commission des affaires \u00e9conomiques, de l\u2019\u00e9nergie, des transports, de l\u2019environnement et de l\u2019agriculture.<\/li><li>Des rapports r\u00e9guliers sont \u00e9tablis semestriellement, au moins une fois par an, au WEVUL.<\/li><\/ol>\n\n\n\n<p><strong>Expos\u00e9 des motifs:<\/strong><\/p>\n\n\n\n<p>La fa\u00e7on dont les gens se d\u00e9placent est en train de changer. Cette mobilit\u00e9 modifi\u00e9e pose de nouveaux d\u00e9fis aux villes et aux communes ainsi qu'aux arrondissements.<\/p>\n\n\n\n<p>L'une des t\u00e2ches principales des services d'int\u00e9r\u00eat g\u00e9n\u00e9ral communaux est d'envisager et de mettre en \u0153uvre une mobilit\u00e9 durable. C'est la raison pour laquelle le Main-Kinzig-Kreis a lanc\u00e9, en plus de deux concepts de cyclisme, la vision de la mobilit\u00e9, dont la mise en \u0153uvre deviendra une t\u00e2che importante dans les ann\u00e9es \u00e0 venir.<\/p>\n\n\n\n<p>Le responsable de la mobilit\u00e9 con\u00e7oit la t\u00e2che transversale de m\u00e9diation entre les bureaux mandat\u00e9s, le cercle et les municipalit\u00e9s. Par la suite, le responsable de la mobilit\u00e9 assurera la poursuite de la coop\u00e9ration entre le cercle et les communes.<\/p>\n\n\n\n<p>Dans le m\u00eame temps, il\/elle a pour mission de contribuer, outre \u00e0 la mise en \u0153uvre du mod\u00e8le de mobilit\u00e9, \u00e0 un renforcement des transports \u00e0 \u00e9missions nulles, en particulier \u00e0 la mise en \u0153uvre des concepts de cyclisme.<\/p>\n\n\n\n<p>Le responsable de la mobilit\u00e9 est \u00e9galement l'interlocuteur pour toutes les t\u00e2ches de gestion de la mobilit\u00e9 dans l'arrondissement de Main-Kinzig et assure une mise en r\u00e9seau durable des communes sur les questions de mobilit\u00e9 intermodale.<\/p>","protected":false},"excerpt":{"rendered":"<p>Le conseil municipal d\u00e9cide:\u00a0\u00a0\u00a0\u00a0\u00a0 \u00a0\u00a0\u00a0\u00a0\u00a0 Le comit\u00e9 d'arrondissement est charg\u00e9 de cr\u00e9er le poste de d\u00e9l\u00e9gu\u00e9 \u00e0 la mobilit\u00e9 au sein de l'Office 65 (enseignement, gestion des b\u00e2timents et des immeubles et services centraux). \u00c0 cette fin, 1,0 poste dans le tableau des effectifs [...]<\/p>","protected":false},"author":-1,"featured_media":0,"comment_status":"open","ping_status":"open","sticky":false,"template":"","format":"standard","meta":{"footnotes":""},"categories":[9],"tags":[],"class_list":["post-790","post","type-post","status-publish","format-standard","hentry","category-antraege-und-anfragen"],"_links":{"self":[{"href":"https:\/\/www.gruene-mkk.de\/fr\/wp-json\/wp\/v2\/posts\/790","targetHints":{"allow":["GET"]}}],"collection":[{"href":"https:\/\/www.gruene-mkk.de\/fr\/wp-json\/wp\/v2\/posts"}],"about":[{"href":"https:\/\/www.gruene-mkk.de\/fr\/wp-json\/wp\/v2\/types\/post"}],"author":[{"embeddable":true,"href":"https:\/\/www.gruene-mkk.de\/fr\/wp-json\/wp\/v2\/users\/2"}],"replies":[{"embeddable":true,"href":"https:\/\/www.gruene-mkk.de\/fr\/wp-json\/wp\/v2\/comments?post=790"}],"version-history":[{"count":1,"href":"https:\/\/www.gruene-mkk.de\/fr\/wp-json\/wp\/v2\/posts\/790\/revisions"}],"predecessor-version":[{"id":793,"href":"https:\/\/www.gruene-mkk.de\/fr\/wp-json\/wp\/v2\/posts\/790\/revisions\/793"}],"wp:attachment":[{"href":"https:\/\/www.gruene-mkk.de\/fr\/wp-json\/wp\/v2\/media?parent=790"}],"wp:term":[{"taxonomy":"category","embeddable":true,"href":"https:\/\/www.gruene-mkk.de\/fr\/wp-json\/wp\/v2\/categories?post=790"},{"taxonomy":"post_tag","embeddable":true,"href":"https:\/\/www.gruene-mkk.de\/fr\/wp-json\/wp\/v2\/tags?post=790"}],"curies":[{"name":"wp","href":"https:\/\/api.w.org\/{rel}","templated":true}]}}