{"id":788,"date":"2021-11-26T18:18:00","date_gmt":"2021-11-26T17:18:00","guid":{"rendered":"https:\/\/www.alles-bleibt-anders.org\/?p=788"},"modified":"2021-12-09T18:19:26","modified_gmt":"2021-12-09T17:19:26","slug":"aenderungsantrag-zum-haushalt-mehr-geld-fuer-radwege","status":"publish","type":"post","link":"https:\/\/www.gruene-mkk.de\/fr\/aenderungsantrag-zum-haushalt-mehr-geld-fuer-radwege\/","title":{"rendered":"Amendement au budget: Plus d'argent pour les pistes cyclables"},"content":{"rendered":"<p><strong>Le conseil municipal d\u00e9cide:&nbsp;&nbsp;&nbsp;&nbsp;&nbsp; &nbsp;&nbsp;&nbsp;&nbsp;&nbsp;<\/strong><\/p>\n\n\n\n<p>Les fonds pour l'am\u00e9nagement des pistes cyclables passeront de 300 000 euros \u00e0 1,5 million d'euros.<\/p>\n\n\n\n<p><strong>Expos\u00e9 des motifs:<\/strong><\/p>\n\n\n\n<p>Le trafic cyclable va fortement augmenter dans les ann\u00e9es \u00e0 venir. Des ressources budg\u00e9taires ad\u00e9quates sont n\u00e9cessaires pour promouvoir cette mobilit\u00e9 durable.<\/p>\n\n\n\n<p>Dans le m\u00eame temps, le concept de cyclisme devrait \u00eatre achev\u00e9 au d\u00e9but de 2022. Le budget de 300 000 euros n'est pas suffisant pour mettre rapidement en \u0153uvre des mesures concr\u00e8tes d\u00e9coulant de cette approche, en particulier si, comme l'a d\u00e9cid\u00e9 la grande coalition, des places de stationnement pour v\u00e9los couvertes par ce budget doivent encore \u00eatre construites.<\/p>\n\n\n\n<p>Aucune des 90 mesures n\u2019a \u00e9t\u00e9 mise en \u0153uvre dans le cadre du concept de piste cyclable initial. Cela montre non seulement le manque de volont\u00e9 d'investir dans l'am\u00e9nagement des pistes cyclables, mais aussi le manque de marge de man\u0153uvre financi\u00e8re que la t\u00eate du cercle s'est donn\u00e9e en limitant elle-m\u00eame le budget.<\/p>\n\n\n\n<p>Au cours des derni\u00e8res ann\u00e9es, environ 12 millions d'euros ont \u00e9t\u00e9 d\u00e9pens\u00e9s pour l'am\u00e9nagement des routes d\u00e9partementales. L'approche que nous avons choisie pour l'am\u00e9nagement des pistes cyclables n'est donc que d'environ 10 % des fonds allou\u00e9s jusqu'\u00e0 pr\u00e9sent \u00e0 la construction de routes.<\/p>\n\n\n\n<p>Outre des am\u00e9liorations ponctuelles, il est urgent d'am\u00e9nager et de construire de nouvelles pistes cyclables sur les routes de comt\u00e9 afin d'\u00e9largir le r\u00e9seau de pistes cyclables et de rendre le cyclisme plus attrayant.<\/p>\n\n\n\n<p>Si l\u2019on veut r\u00e9ussir une transition \u00e0 long terme vers une mobilit\u00e9 neutre pour le climat, le cercle Main-Kinzig doit poser la premi\u00e8re pierre en d\u00e9veloppant l\u2019infrastructure cyclable correspondante.<\/p>","protected":false},"excerpt":{"rendered":"<p>Le conseil municipal d\u00e9cide:\u00a0\u00a0\u00a0\u00a0\u00a0 \u00a0\u00a0\u00a0\u00a0\u00a0 Les fonds pour l'am\u00e9nagement des pistes cyclables passeront de 300 000 euros \u00e0 1,5 million d'euros. Expos\u00e9 des motifs: Le trafic cyclable va fortement augmenter dans les ann\u00e9es \u00e0 venir. Pour cette [...]<\/p>","protected":false},"author":-1,"featured_media":0,"comment_status":"open","ping_status":"open","sticky":false,"template":"","format":"standard","meta":{"footnotes":""},"categories":[9],"tags":[],"class_list":["post-788","post","type-post","status-publish","format-standard","hentry","category-antraege-und-anfragen"],"_links":{"self":[{"href":"https:\/\/www.gruene-mkk.de\/fr\/wp-json\/wp\/v2\/posts\/788","targetHints":{"allow":["GET"]}}],"collection":[{"href":"https:\/\/www.gruene-mkk.de\/fr\/wp-json\/wp\/v2\/posts"}],"about":[{"href":"https:\/\/www.gruene-mkk.de\/fr\/wp-json\/wp\/v2\/types\/post"}],"author":[{"embeddable":true,"href":"https:\/\/www.gruene-mkk.de\/fr\/wp-json\/wp\/v2\/users\/2"}],"replies":[{"embeddable":true,"href":"https:\/\/www.gruene-mkk.de\/fr\/wp-json\/wp\/v2\/comments?post=788"}],"version-history":[{"count":1,"href":"https:\/\/www.gruene-mkk.de\/fr\/wp-json\/wp\/v2\/posts\/788\/revisions"}],"predecessor-version":[{"id":789,"href":"https:\/\/www.gruene-mkk.de\/fr\/wp-json\/wp\/v2\/posts\/788\/revisions\/789"}],"wp:attachment":[{"href":"https:\/\/www.gruene-mkk.de\/fr\/wp-json\/wp\/v2\/media?parent=788"}],"wp:term":[{"taxonomy":"category","embeddable":true,"href":"https:\/\/www.gruene-mkk.de\/fr\/wp-json\/wp\/v2\/categories?post=788"},{"taxonomy":"post_tag","embeddable":true,"href":"https:\/\/www.gruene-mkk.de\/fr\/wp-json\/wp\/v2\/tags?post=788"}],"curies":[{"name":"wp","href":"https:\/\/api.w.org\/{rel}","templated":true}]}}