{"id":786,"date":"2021-11-26T18:16:00","date_gmt":"2021-11-26T17:16:00","guid":{"rendered":"https:\/\/www.alles-bleibt-anders.org\/?p=786"},"modified":"2021-12-09T18:17:43","modified_gmt":"2021-12-09T17:17:43","slug":"aenderungsantrag-zum-haushalt-einrichtung-einer-antidiskriminierungsstelle","status":"publish","type":"post","link":"https:\/\/www.gruene-mkk.de\/fr\/aenderungsantrag-zum-haushalt-einrichtung-einer-antidiskriminierungsstelle\/","title":{"rendered":"Amendement au budget: Cr\u00e9ation d'un organisme de lutte contre la discrimination"},"content":{"rendered":"<p><strong>Le conseil municipal d\u00e9cide:&nbsp;&nbsp;&nbsp;&nbsp;&nbsp; &nbsp;&nbsp;&nbsp;&nbsp;&nbsp;<\/strong><\/p>\n\n\n\n<ol class=\"wp-block-list\"><li>Le comit\u00e9 de district est charg\u00e9 de cr\u00e9er un service de lutte contre les discriminations au sein de l'Office 32 (S\u00e9curit\u00e9, ordre, migration et int\u00e9gration).<\/li><li>\u00c0 cette fin, 1,0 poste est ajout\u00e9 au tableau des effectifs.<\/li><li>L'unit\u00e9 de lutte contre les discriminations sera charg\u00e9e des t\u00e2ches suivantes:<ol><li>Premier point de contact et conseils aux personnes victimes de discrimination<\/li><li>Information sur les droits des personnes concern\u00e9es<\/li><li>Relations publiques<\/li><li>Mesures visant \u00e0 pr\u00e9venir les d\u00e9savantages<\/li><li>R\u00e9alisation d'\u00e9tudes scientifiques<\/li><li>Rapports r\u00e9guliers au sein des organes comp\u00e9tents<\/li><\/ol><\/li><li>Une \u00e9valuation du poste de commissaire \u00e0 la lutte contre la discrimination a lieu apr\u00e8s un an au sein de la commission des affaires sociales, de la famille, des personnes \u00e2g\u00e9es et de la d\u00e9mographie.<\/li><li>Des rapports r\u00e9guliers sont \u00e9tablis au SFSD tous les six mois et au moins une fois par an.&nbsp;<\/li><\/ol>\n\n\n\n<p><strong>Expos\u00e9 des motifs:<\/strong><\/p>\n\n\n\n<p>Le responsable de la lutte contre la discrimination est le premier point de contact pour les personnes victimes de discrimination. En plus de la consultation, elle peut \u00e9galement informer sur d'\u00e9ventuels droits des personnes concern\u00e9es.<\/p>\n\n\n\n<p>La discrimination comprend les attributions racistes fond\u00e9es sur l\u2019origine, la religion, le sexe, l\u2019orientation sexuelle et l\u2019origine sociale, ainsi que la discrimination et la d\u00e9gradation, le harc\u00e8lement et la stigmatisation.<\/p>\n\n\n\n<p>Dans le district de Main-Kinzig, il y a eu un nombre croissant d'incidents racistes depuis des ann\u00e9es.<\/p>\n\n\n\n<p>En 2016, Erich Pipa, ancien conseiller r\u00e9gional, est menac\u00e9 et insult\u00e9 \u00e0 plusieurs reprises par l'extr\u00eame droite pour avoir plaid\u00e9 en faveur de l'accueil d'autres r\u00e9fugi\u00e9s.<\/p>\n\n\n\n<p>En 2018, l\u2019\u00e9quipe de l\u2019association de jeu Dietesheim \u00e0 Birstein-Fischborn est conduite de l\u2019encoche locale \u00e0 l\u2019h\u00f4tel avec des appels \u00ab\u00e9trangers dehors\u00bb.<\/p>\n\n\n\n<p>En 2019, un homme originaire d'\u00c9rythr\u00e9e a \u00e9t\u00e9 abattu par un homme pour des raisons racistes et a \u00e9t\u00e9 mortellement bless\u00e9.<\/p>\n\n\n\n<p>En 2020, le pire attentat d'extr\u00eame droite de la R\u00e9publique f\u00e9d\u00e9rale d'Allemagne aura lieu \u00e0 Hanau. Neuf personnes sont assassin\u00e9es pour des motifs x\u00e9nophobes.<\/p>\n\n\n\n<p>Ce ne sont l\u00e0 que quelques-uns des incidents qui se sont produits ces derni\u00e8res ann\u00e9es dans le cercle Main-Kinzig et qui montrent qu'il est urgent de travailler de mani\u00e8re pr\u00e9ventive et proactive dans le cercle.<\/p>\n\n\n\n<p>La cr\u00e9ation d'un organisme de lutte contre les discriminations permet de sensibiliser le public \u00e0 cette question par le biais de conseils, d'informations et de relations publiques. Dans le m\u00eame temps, des \u00e9v\u00e9nements d\u2019information peuvent \u00eatre organis\u00e9s dans l\u2019administration, les \u00e9coles et les entreprises du district pour attirer l\u2019attention sur le th\u00e8me de la discrimination.<\/p>\n\n\n\n<p>Des villes comme Offenbach et Francfort ont d\u00e9j\u00e0 montr\u00e9 autour de nous que la cr\u00e9ation d'un organisme de lutte contre la discrimination est tr\u00e8s bien accept\u00e9e. Cela montre clairement que la population a besoin de conseils et d'informations \u00e0 ce sujet. Une mise en r\u00e9seau avec les personnes comp\u00e9tentes peut \u00eatre mise en place afin d'\u00e9changer les exp\u00e9riences acquises jusqu'\u00e0 pr\u00e9sent.<\/p>\n\n\n\n<p>Il est urgent que le Main-Kinzig-Kreis mette en place un tel centre d'accueil et de conseil, en particulier \u00e0 la lumi\u00e8re de ce qui s'est pass\u00e9 ces derni\u00e8res ann\u00e9es.<\/p>","protected":false},"excerpt":{"rendered":"<p>Le conseil municipal d\u00e9cide:\u00a0\u00a0\u00a0\u00a0\u00a0 \u00a0\u00a0\u00a0\u00a0\u00a0 Le comit\u00e9 de district est charg\u00e9 de cr\u00e9er un service de lutte contre les discriminations au sein de l'Office 32 (S\u00e9curit\u00e9, ordre, migration et int\u00e9gration). \u00c0 cette fin, 1,0 poste est ajout\u00e9 au tableau des effectifs. L'organisme de lutte contre la discrimination [...]<\/p>","protected":false},"author":-1,"featured_media":0,"comment_status":"open","ping_status":"open","sticky":false,"template":"","format":"standard","meta":{"footnotes":""},"categories":[9],"tags":[],"class_list":["post-786","post","type-post","status-publish","format-standard","hentry","category-antraege-und-anfragen"],"_links":{"self":[{"href":"https:\/\/www.gruene-mkk.de\/fr\/wp-json\/wp\/v2\/posts\/786","targetHints":{"allow":["GET"]}}],"collection":[{"href":"https:\/\/www.gruene-mkk.de\/fr\/wp-json\/wp\/v2\/posts"}],"about":[{"href":"https:\/\/www.gruene-mkk.de\/fr\/wp-json\/wp\/v2\/types\/post"}],"author":[{"embeddable":true,"href":"https:\/\/www.gruene-mkk.de\/fr\/wp-json\/wp\/v2\/users\/2"}],"replies":[{"embeddable":true,"href":"https:\/\/www.gruene-mkk.de\/fr\/wp-json\/wp\/v2\/comments?post=786"}],"version-history":[{"count":1,"href":"https:\/\/www.gruene-mkk.de\/fr\/wp-json\/wp\/v2\/posts\/786\/revisions"}],"predecessor-version":[{"id":787,"href":"https:\/\/www.gruene-mkk.de\/fr\/wp-json\/wp\/v2\/posts\/786\/revisions\/787"}],"wp:attachment":[{"href":"https:\/\/www.gruene-mkk.de\/fr\/wp-json\/wp\/v2\/media?parent=786"}],"wp:term":[{"taxonomy":"category","embeddable":true,"href":"https:\/\/www.gruene-mkk.de\/fr\/wp-json\/wp\/v2\/categories?post=786"},{"taxonomy":"post_tag","embeddable":true,"href":"https:\/\/www.gruene-mkk.de\/fr\/wp-json\/wp\/v2\/tags?post=786"}],"curies":[{"name":"wp","href":"https:\/\/api.w.org\/{rel}","templated":true}]}}