{"id":782,"date":"2021-11-26T17:51:00","date_gmt":"2021-11-26T16:51:00","guid":{"rendered":"https:\/\/www.alles-bleibt-anders.org\/?p=782"},"modified":"2021-12-09T18:14:44","modified_gmt":"2021-12-09T17:14:44","slug":"aenderungsantrag-zum-haushalt-erhoehung-der-foerderung-fuer-das-schulessen","status":"publish","type":"post","link":"https:\/\/www.gruene-mkk.de\/fr\/aenderungsantrag-zum-haushalt-erhoehung-der-foerderung-fuer-das-schulessen\/","title":{"rendered":"Amendement au budget: Augmentation de l'aide au repas scolaire"},"content":{"rendered":"<p><strong>Le conseil municipal d\u00e9cide:&nbsp;&nbsp;&nbsp;&nbsp;&nbsp; &nbsp;&nbsp;&nbsp;&nbsp;&nbsp;<\/strong><\/p>\n\n\n\n<ol class=\"wp-block-list\"><li>La subvention pour le repas scolaire passera de 40 000 euros \u00e0 80 000 euros.<\/li><li>Heinzelm\u00e4nnchen GmbH est pri\u00e9e d'utiliser les subventions accrues pour soulager les parents ainsi que pour l'utilisation de denr\u00e9es alimentaires biologiques, r\u00e9gionales et \u00e9quitables.<\/li><\/ol>\n\n\n\n<p><strong>Expos\u00e9 des motifs:<\/strong><\/p>\n\n\n\n<p>L\u2019image du cercle Main-Kinzig en tant que \u00abcercle FairTrade\u00bb devrait \u00eatre de proposer des denr\u00e9es alimentaires biologiques, r\u00e9gionales et \u00e9quitables dans les restaurants de la r\u00e9gion.<\/p>\n\n\n\n<p>Avec une subvention annuelle de seulement 40 000 euros, cela n'est pas possible sans une charge suppl\u00e9mentaire pour les parents.<\/p>\n\n\n\n<p>C'est pourquoi il est n\u00e9cessaire d'augmenter les allocations \u00e0 80 000 euros afin de soulager les parents et d'am\u00e9liorer la qualit\u00e9 des aliments.&nbsp;<\/p>","protected":false},"excerpt":{"rendered":"<p>Le conseil municipal d\u00e9cide:\u00a0\u00a0\u00a0\u00a0\u00a0 \u00a0\u00a0\u00a0\u00a0\u00a0 La subvention pour le repas scolaire passera de 40 000 euros \u00e0 80 000 euros. Heinzelm\u00e4nnchen GmbH est invit\u00e9e \u00e0 compenser l'augmentation des allocations pour all\u00e9ger la charge des parents ainsi que [...]<\/p>","protected":false},"author":-1,"featured_media":0,"comment_status":"open","ping_status":"open","sticky":false,"template":"","format":"standard","meta":{"footnotes":""},"categories":[9],"tags":[],"class_list":["post-782","post","type-post","status-publish","format-standard","hentry","category-antraege-und-anfragen"],"_links":{"self":[{"href":"https:\/\/www.gruene-mkk.de\/fr\/wp-json\/wp\/v2\/posts\/782","targetHints":{"allow":["GET"]}}],"collection":[{"href":"https:\/\/www.gruene-mkk.de\/fr\/wp-json\/wp\/v2\/posts"}],"about":[{"href":"https:\/\/www.gruene-mkk.de\/fr\/wp-json\/wp\/v2\/types\/post"}],"author":[{"embeddable":true,"href":"https:\/\/www.gruene-mkk.de\/fr\/wp-json\/wp\/v2\/users\/2"}],"replies":[{"embeddable":true,"href":"https:\/\/www.gruene-mkk.de\/fr\/wp-json\/wp\/v2\/comments?post=782"}],"version-history":[{"count":1,"href":"https:\/\/www.gruene-mkk.de\/fr\/wp-json\/wp\/v2\/posts\/782\/revisions"}],"predecessor-version":[{"id":783,"href":"https:\/\/www.gruene-mkk.de\/fr\/wp-json\/wp\/v2\/posts\/782\/revisions\/783"}],"wp:attachment":[{"href":"https:\/\/www.gruene-mkk.de\/fr\/wp-json\/wp\/v2\/media?parent=782"}],"wp:term":[{"taxonomy":"category","embeddable":true,"href":"https:\/\/www.gruene-mkk.de\/fr\/wp-json\/wp\/v2\/categories?post=782"},{"taxonomy":"post_tag","embeddable":true,"href":"https:\/\/www.gruene-mkk.de\/fr\/wp-json\/wp\/v2\/tags?post=782"}],"curies":[{"name":"wp","href":"https:\/\/api.w.org\/{rel}","templated":true}]}}