{"id":774,"date":"2021-11-26T17:40:00","date_gmt":"2021-11-26T16:40:00","guid":{"rendered":"https:\/\/www.alles-bleibt-anders.org\/?p=774"},"modified":"2021-12-09T17:44:40","modified_gmt":"2021-12-09T16:44:40","slug":"aenderungsantrag-zum-haushalt-mehr-mittel-fuer-das-lernfeld-landwirtschaft","status":"publish","type":"post","link":"https:\/\/www.gruene-mkk.de\/fr\/aenderungsantrag-zum-haushalt-mehr-mittel-fuer-das-lernfeld-landwirtschaft\/","title":{"rendered":"Amendement au budget: Plus de moyens pour le champ d'apprentissage de l'agriculture"},"content":{"rendered":"<p><strong>Le conseil municipal d\u00e9cide:&nbsp;&nbsp;&nbsp;&nbsp;&nbsp; &nbsp;&nbsp;&nbsp;&nbsp;&nbsp;<\/strong><\/p>\n\n\n\n<p>1.\u00a0\u00a0\u00a0\u00a0\u00a0\u00a0 Le budget pr\u00e9vu pour le \u00abchamp d\u2019apprentissage de l\u2019agriculture\u00bb sera augment\u00e9 de 20 000 euros.<\/p>\n\n\n\n<p>2.\u00a0\u00a0\u00a0\u00a0\u00a0\u00a0 Le comit\u00e9 d\u2019arrondissement est charg\u00e9 d\u2019attirer davantage l\u2019attention sur le projet \u00abLernfeld Landwirtschaft\u00bb au moyen d\u2019une campagne de sensibilisation. Pour ce faire, les \u00e9coles de la r\u00e9gion doivent \u00eatre cibl\u00e9es.<\/p>\n\n\n\n<p><strong>Expos\u00e9 des motifs:<\/strong><\/p>\n\n\n\n<p>Le projet \u00abLernfeld Landwirtschaft\u00bb permet aux groupes scolaires et pr\u00e9scolaires d\u2019avoir un aper\u00e7u de la production alimentaire. Cette \u00e9ducation nutritionnelle est importante d\u00e8s le plus jeune \u00e2ge pour sensibiliser \u00e0 la production alimentaire et au travail qui la sous-tend.<\/p>\n\n\n\n<p>En particulier, une prise de conscience de la nourriture r\u00e9gionale et de haute qualit\u00e9 est cr\u00e9\u00e9e ici, qui n'est plus ou peu pr\u00e9sente chez de plus en plus d'enfants et de jeunes.<\/p>\n\n\n\n<p>Le budget pr\u00e9vu \u00e0 cet effet n'est pas suffisant. Outre le renforcement des exploitations agricoles dans le cadre de la mise en \u0153uvre du projet, l'augmentation du budget vise \u00e9galement \u00e0 cr\u00e9er des possibilit\u00e9s de campagne de sensibilisation afin d'attirer davantage l'attention sur le projet.<\/p>","protected":false},"excerpt":{"rendered":"<p>Le conseil municipal d\u00e9cide:\u00a0\u00a0\u00a0\u00a0\u00a0 \u00a0\u00a0\u00a0\u00a0\u00a0 1.\u00a0\u00a0\u00a0\u00a0\u00a0\u00a0 Le budget pr\u00e9vu pour le \u00abchamp d\u2019apprentissage de l\u2019agriculture\u00bb sera augment\u00e9 de 20 000 euros. 2.\u00a0\u00a0\u00a0\u00a0\u00a0\u00a0 Le comit\u00e9 d\u2019arrondissement est charg\u00e9 de mener une campagne de sensibilisation sur le projet \u00abLernfeld Landwirtschaft\u00bb [...]<\/p>","protected":false},"author":-1,"featured_media":0,"comment_status":"open","ping_status":"open","sticky":false,"template":"","format":"standard","meta":{"footnotes":""},"categories":[9],"tags":[],"class_list":["post-774","post","type-post","status-publish","format-standard","hentry","category-antraege-und-anfragen"],"_links":{"self":[{"href":"https:\/\/www.gruene-mkk.de\/fr\/wp-json\/wp\/v2\/posts\/774","targetHints":{"allow":["GET"]}}],"collection":[{"href":"https:\/\/www.gruene-mkk.de\/fr\/wp-json\/wp\/v2\/posts"}],"about":[{"href":"https:\/\/www.gruene-mkk.de\/fr\/wp-json\/wp\/v2\/types\/post"}],"author":[{"embeddable":true,"href":"https:\/\/www.gruene-mkk.de\/fr\/wp-json\/wp\/v2\/users\/2"}],"replies":[{"embeddable":true,"href":"https:\/\/www.gruene-mkk.de\/fr\/wp-json\/wp\/v2\/comments?post=774"}],"version-history":[{"count":1,"href":"https:\/\/www.gruene-mkk.de\/fr\/wp-json\/wp\/v2\/posts\/774\/revisions"}],"predecessor-version":[{"id":779,"href":"https:\/\/www.gruene-mkk.de\/fr\/wp-json\/wp\/v2\/posts\/774\/revisions\/779"}],"wp:attachment":[{"href":"https:\/\/www.gruene-mkk.de\/fr\/wp-json\/wp\/v2\/media?parent=774"}],"wp:term":[{"taxonomy":"category","embeddable":true,"href":"https:\/\/www.gruene-mkk.de\/fr\/wp-json\/wp\/v2\/categories?post=774"},{"taxonomy":"post_tag","embeddable":true,"href":"https:\/\/www.gruene-mkk.de\/fr\/wp-json\/wp\/v2\/tags?post=774"}],"curies":[{"name":"wp","href":"https:\/\/api.w.org\/{rel}","templated":true}]}}