{"id":68,"date":"2021-07-12T10:00:00","date_gmt":"2021-07-12T08:00:00","guid":{"rendered":"https:\/\/www.alles-bleibt-anders.org\/?p=68"},"modified":"2021-11-09T14:39:43","modified_gmt":"2021-11-09T13:39:43","slug":"groko-im-mkk-zeichen-der-zeit-nicht-erkannt","status":"publish","type":"post","link":"https:\/\/www.gruene-mkk.de\/fr\/groko-im-mkk-zeichen-der-zeit-nicht-erkannt\/","title":{"rendered":"GroKo dans le MKK: \u00abLes signes des temps ne sont pas reconnus\u00bb"},"content":{"rendered":"<p><strong>R\u00e9gression pour le cercle Main-Kinzig<\/strong><\/p>\n\n\n\n<p>\u00abLa poursuite de la grande coalition est un pas en arri\u00e8re pour le cercle Main-Kinzig et les citoyens\u00bb, a d\u00e9clar\u00e9 Reiner Bousonville, pr\u00e9sident du groupe des Verts au conseil du district. <\/p>\n\n\n\n<!--more-->\n\n\n\n<p>\u00abL\u2019id\u00e9e de l\u2019accord de coalition laisse d\u00e9j\u00e0 pr\u00e9sager qu\u2019au cours des cinq prochaines ann\u00e9es, le cercle ne sera g\u00e9r\u00e9 qu\u2019en l\u2019absence d\u2019id\u00e9es novatrices et, surtout, d\u2019un point d\u2019\u00e9p\u00e9e dans le domaine de la protection du climat et de la cr\u00e9ation de conditions de vie \u00e9quivalentes de Maintal \u00e0 Sinntal. Bien que cela soit pratique, cela ne r\u00e9pond pas aux d\u00e9fis de notre \u00e9poque et \u00e0 la mission des \u00e9lecteurs.\u00bb<\/p>\n\n\n\n<p>Les n\u00e9gociations de coalition interrompues avec les Verts et le PLR ont d\u00e9j\u00e0 montr\u00e9 que l'air frais et de nouvelles id\u00e9es ne sont pas souhait\u00e9s sur les sujets qui font bouger les gens dans le cercle: \u00abLes r\u00e9sultats de la grande coalition de ces derni\u00e8res ann\u00e9es sont d\u00e9vastateurs. Aucune des 90 mesures n\u2019a \u00e9t\u00e9 mise en \u0153uvre dans le cadre du concept de piste cyclable, mais un nouveau concept a \u00e9t\u00e9 \u00e9labor\u00e9, le plan de d\u00e9veloppement de l\u2019\u00e9cole a d\u00fb revenir au comit\u00e9 en raison de nombreuses erreurs, l\u2019Acad\u00e9mie de la sant\u00e9 et des soins n\u2019est toujours pas en place et il manque toujours un bilan carbone attendu depuis 1997\u00bb, r\u00e9sume M. Bousonville. \u00a0\u00ab\u00c0 cet \u00e9gard, le Kreis est l\u2019un des derniers \u00e0 avoir adh\u00e9r\u00e9 aux r\u00e9gions \u00e9comod\u00e9lis\u00e9es du Land de Hesse, bien qu\u2019il compte la plus grande part d\u2019exploitations biologiques en Hesse. Dans de nombreux endroits, le d\u00e9ploiement du haut d\u00e9bit ne progresse que lentement et il manque des postes cl\u00e9s dans le cercle, par exemple pour la protection du climat, le d\u00e9veloppement des pistes cyclables, l\u2019int\u00e9gration et la migration.\u00bb<\/p>\n\n\n\n<p>\u00c0 la fin de l\u2019ann\u00e9e 2019, une demande des Verts visant \u00e0 augmenter les postes au sein de l\u2019Office de la sant\u00e9 publique a \u00e9t\u00e9 rejet\u00e9e, \u00ablorsqu\u2019une demande de renforcement de la l\u00e9gislation sur les armes \u00e0 feu a \u00e9t\u00e9 formul\u00e9e \u00e0 la suite de l\u2019attentat de Hanau, une table ronde a \u00e9t\u00e9 mise en place, qui ne s\u2019est pas r\u00e9unie apr\u00e8s une session unique. Apr\u00e8s l\u2019adh\u00e9sion \u00e0 \u2018Hessen aktiv\u2019, il n\u2019y a toujours pas eu de catalogue de mesures pour lutter contre le changement climatique au bout de quatre ans et les initiatives dont Susanne Simmler, membre du conseil d\u2019arrondissement, se vante, comme le gobelet \u00e0 gage r\u00e9utilisable \u2018Main-Kinzig-Krug\u2019 ou l\u2019abandon du plastique dans le \u2018MKK-L\u00e4dchen\u2019, proviennent toutes de l\u2019opposition\u00bb, compl\u00e8tent les vice-pr\u00e9sidentes du groupe, Viola Ha\u00dfdenteufel et Jakob M\u00e4hler. \u00abSe faire photographier aux c\u00f4t\u00e9s de prairies fleuries est un d\u00e9but, mais cela ne garantit pas une contribution suffisante \u00e0 la lutte contre la crise climatique et l\u2019extinction des esp\u00e8ces au niveau des comt\u00e9s.\u00bb<\/p>\n\n\n\n<p>\u00abSi la grande coalition annonce maintenant son intention de poursuivre ce travail, vous pouvez avoir peur et \u00eatre effray\u00e9\u00bb, a d\u00e9clar\u00e9 M. Bousonville. \u00abIl appara\u00eet clairement que le SPD et la CDU n\u2019ont pas reconnu les signes des temps et ignorent la volont\u00e9 des \u00e9lecteurs d\u2019accro\u00eetre la protection de l\u2019environnement et du climat. Le plus petit d\u00e9nominateur commun de ce GroKo dans le MKK est la majorit\u00e9 garantie afin de pouvoir gouverner sans ambition et sans soucis.\u00bb<\/p>\n\n\n\n<p>Pour les Verts, c\u2019est l\u2019occasion de \u00abcontinuer \u00e0 lutter avec des demandes et des demandes pour une v\u00e9ritable protection du climat et une politique sociale\u00bb. Le SPD et la CDU r\u00e9clament ici une \u00aborientation claire\u00bb: \u00abLe cours ne va que dans la mauvaise direction\u00bb, conclut M. Bousonville.<\/p>\n\n\n\n<p>Questions \u00e0 l'attention de:<\/p>\n\n\n\n<p>Jakob M\u00e4hler<br>Directeur de groupe<br>Alliance 90 \/ Les Verts Main-Kinzig<br>06181\/61596<br>0176\/46763336<br>fraktion@gruene-mkk.de<\/p>","protected":false},"excerpt":{"rendered":"<p>\u00abLa poursuite de la grande coalition est une r\u00e9gression pour le cercle Main-Kinzig et les citoyens\u00bb, a d\u00e9clar\u00e9 Reiner Bousonville, pr\u00e9sident du groupe des Verts au conseil du district.<\/p>","protected":false},"author":-1,"featured_media":0,"comment_status":"open","ping_status":"open","sticky":false,"template":"","format":"standard","meta":{"footnotes":""},"categories":[2],"tags":[],"class_list":["post-68","post","type-post","status-publish","format-standard","hentry","category-newskreistagsfraktion"],"_links":{"self":[{"href":"https:\/\/www.gruene-mkk.de\/fr\/wp-json\/wp\/v2\/posts\/68","targetHints":{"allow":["GET"]}}],"collection":[{"href":"https:\/\/www.gruene-mkk.de\/fr\/wp-json\/wp\/v2\/posts"}],"about":[{"href":"https:\/\/www.gruene-mkk.de\/fr\/wp-json\/wp\/v2\/types\/post"}],"author":[{"embeddable":true,"href":"https:\/\/www.gruene-mkk.de\/fr\/wp-json\/wp\/v2\/users\/2"}],"replies":[{"embeddable":true,"href":"https:\/\/www.gruene-mkk.de\/fr\/wp-json\/wp\/v2\/comments?post=68"}],"version-history":[{"count":2,"href":"https:\/\/www.gruene-mkk.de\/fr\/wp-json\/wp\/v2\/posts\/68\/revisions"}],"predecessor-version":[{"id":70,"href":"https:\/\/www.gruene-mkk.de\/fr\/wp-json\/wp\/v2\/posts\/68\/revisions\/70"}],"wp:attachment":[{"href":"https:\/\/www.gruene-mkk.de\/fr\/wp-json\/wp\/v2\/media?parent=68"}],"wp:term":[{"taxonomy":"category","embeddable":true,"href":"https:\/\/www.gruene-mkk.de\/fr\/wp-json\/wp\/v2\/categories?post=68"},{"taxonomy":"post_tag","embeddable":true,"href":"https:\/\/www.gruene-mkk.de\/fr\/wp-json\/wp\/v2\/tags?post=68"}],"curies":[{"name":"wp","href":"https:\/\/api.w.org\/{rel}","templated":true}]}}