{"id":520,"date":"2021-10-25T12:37:00","date_gmt":"2021-10-25T10:37:00","guid":{"rendered":"https:\/\/www.alles-bleibt-anders.org\/?p=520"},"modified":"2021-11-25T12:39:01","modified_gmt":"2021-11-25T11:39:01","slug":"aenderungsantrag-zum-schuelerticket","status":"publish","type":"post","link":"https:\/\/www.gruene-mkk.de\/fr\/aenderungsantrag-zum-schuelerticket\/","title":{"rendered":"Amendement relatif au billet d'\u00e9tudiant"},"content":{"rendered":"<p><strong>D\u00e9cision :&nbsp;<\/strong><\/p>\n\n\n\n<p>1.\u00a0\u00a0\u00a0\u00a0\u00a0\u00a0Le comit\u00e9 du district est charg\u00e9 de s'engager aupr\u00e8s du Land de Hesse pour que tous les \u00e9l\u00e8ves et les personnes qui les accompagnent puissent utiliser gratuitement les transports publics en Hesse \u00e0 l'occasion de voyages scolaires et de voyages scolaires, ind\u00e9pendamment de la possession d'un billet d'\u00e9tudiant.<\/p>\n\n\n\n<p>2.\u00a0\u00a0\u00a0\u00a0\u00a0\u00a0Le conseil du district du Main-Kinzig demande au gouvernement du Land, en collaboration avec les associations de transport de Hesse, de permettre \u00e0 tous les \u00e9l\u00e8ves, y compris les \u00e9coles primaires et la FEPS II, d\u2019obtenir un billet d\u2019\u00e9tudiant \u00e0 partir du 1er janvier 2022. Les compensations correspondantes doivent \u00eatre mises \u00e0 disposition dans le budget 2022.<\/p>\n\n\n\n<p>3.\u00a0\u00a0\u00a0\u00a0\u00a0\u00a0Le Kreistag du Main-Kinzig-Kreis demande au gouvernement du Land de modifier l\u2019article 161 du HSchG et de supprimer les limitations des trajets pour l\u2019utilisation du billet d\u2019\u00e9tudiant gratuit pour les \u00e9l\u00e8ves.<\/p>\n\n\n\n<p>4.\u00a0\u00a0\u00a0\u00a0\u00a0\u00a0Si l\u2019introduction d\u2019un billet d\u2019\u00e9tudiant au 1er janvier 2022 n\u2019est pas possible, le Kreistag proc\u00e8de au pr\u00e9financement et demande au Land de Hesse de prendre en charge a posteriori les frais et de les rembourser ou de les compenser.<\/p>\n\n\n\n<p><strong>Expos\u00e9 des motifs:<\/strong><\/p>\n\n\n\n<p>Par<em>&nbsp;<\/em>les dispositions l\u00e9gales actuelles d\u00e9terminent la distance entre le domicile et l'\u00e9cole ou un trajet scolaire particuli\u00e8rement dangereux, si les \u00e9l\u00e8ves re\u00e7oivent ou non un billet gratuit pour l'ann\u00e9e scolaire. Ce billet peut non seulement \u00eatre utilis\u00e9 pour le chemin de l'\u00e9cole, mais il est \u00e9galement valable dans toute la Hesse pendant les loisirs et est donc tr\u00e8s attrayant. Les jeunes seront ainsi initi\u00e9s suffisamment t\u00f4t \u00e0 l'utilisation des transports en commun, ce qui se traduira par un all\u00e8gement de la circulation routi\u00e8re \u00e0 l'avenir.<\/p>\n\n\n\n<p>De notre point de vue, les dispositions l\u00e9gales ne sont plus d'actualit\u00e9 et cr\u00e9ent des injustices, tant sur le chemin de l'\u00e9cole qu'au-del\u00e0 (par exemple, les loisirs, le sport, etc.). Cela pourrait \u00eatre corrig\u00e9 par le l\u00e9gislateur au niveau national. Par cons\u00e9quent, le conseil r\u00e9gional demande au gouvernement du Land de rem\u00e9dier imm\u00e9diatement \u00e0 cette injustice.<\/p>\n\n\n\n<p>Un projet-mod\u00e8le n\u2019est pas n\u00e9cessaire, mais si le financement ne peut plus \u00eatre fix\u00e9 dans le budget du Land pour 2022, le cercle devrait aller de l\u2019avant.<\/p>","protected":false},"excerpt":{"rendered":"<p>D\u00e9cision :\u00a0 1.\u00a0\u00a0\u00a0\u00a0\u00a0\u00a0Le comit\u00e9 du district est charg\u00e9 de s'engager aupr\u00e8s du Land de Hesse pour que tous les \u00e9l\u00e8ves et les personnes qui s'occupent d'eux puissent utiliser gratuitement les transports publics dans [...]<\/p>","protected":false},"author":-1,"featured_media":0,"comment_status":"open","ping_status":"open","sticky":false,"template":"","format":"standard","meta":{"footnotes":""},"categories":[9],"tags":[],"class_list":["post-520","post","type-post","status-publish","format-standard","hentry","category-antraege-und-anfragen"],"_links":{"self":[{"href":"https:\/\/www.gruene-mkk.de\/fr\/wp-json\/wp\/v2\/posts\/520","targetHints":{"allow":["GET"]}}],"collection":[{"href":"https:\/\/www.gruene-mkk.de\/fr\/wp-json\/wp\/v2\/posts"}],"about":[{"href":"https:\/\/www.gruene-mkk.de\/fr\/wp-json\/wp\/v2\/types\/post"}],"author":[{"embeddable":true,"href":"https:\/\/www.gruene-mkk.de\/fr\/wp-json\/wp\/v2\/users\/2"}],"replies":[{"embeddable":true,"href":"https:\/\/www.gruene-mkk.de\/fr\/wp-json\/wp\/v2\/comments?post=520"}],"version-history":[{"count":1,"href":"https:\/\/www.gruene-mkk.de\/fr\/wp-json\/wp\/v2\/posts\/520\/revisions"}],"predecessor-version":[{"id":522,"href":"https:\/\/www.gruene-mkk.de\/fr\/wp-json\/wp\/v2\/posts\/520\/revisions\/522"}],"wp:attachment":[{"href":"https:\/\/www.gruene-mkk.de\/fr\/wp-json\/wp\/v2\/media?parent=520"}],"wp:term":[{"taxonomy":"category","embeddable":true,"href":"https:\/\/www.gruene-mkk.de\/fr\/wp-json\/wp\/v2\/categories?post=520"},{"taxonomy":"post_tag","embeddable":true,"href":"https:\/\/www.gruene-mkk.de\/fr\/wp-json\/wp\/v2\/tags?post=520"}],"curies":[{"name":"wp","href":"https:\/\/api.w.org\/{rel}","templated":true}]}}